{"id":26081,"date":"2023-06-23T12:30:33","date_gmt":"2023-06-23T10:30:33","guid":{"rendered":"https:\/\/bisbalpenedes.com\/web\/?p=26081"},"modified":"2023-06-23T12:30:33","modified_gmt":"2023-06-23T10:30:33","slug":"lassociacio-amatista-ha-organitzat-un-taller-de-gestio-emocional-es-fara-el-dijous-29-de-juny-a-la-tarda","status":"publish","type":"post","link":"https:\/\/bisbalpenedes.com\/web\/2023\/06\/23\/lassociacio-amatista-ha-organitzat-un-taller-de-gestio-emocional-es-fara-el-dijous-29-de-juny-a-la-tarda\/","title":{"rendered":"L&#8217;Associaci\u00f3 Amatista ha organitzat un taller de gesti\u00f3 emocional: es far\u00e0 el dijous 29 de juny a la tarda"},"content":{"rendered":"\n<p>L&#8217;Associaci\u00f3 Amatista ha organitzat una nova activitat centrada en la gesti\u00f3 emocional que anir\u00e0 a c\u00e0rrec del formador internacional en intel\u00b7lig\u00e8ncia emocional Mois\u00e9s Mart\u00ednez Berrio.<br>L&#8217;activitat es dur\u00e0 a terme el dijous 29 de juny, a les 18h, a l&#8217;Hotel d&#8217;Entitats (pla\u00e7a de l&#8217;Esgl\u00e9sia).<\/p>\n\n\n\n<p>Inscripcions al tel\u00e8fon: 639 136 727<\/p>\n\n\n\n<hr class=\"wp-block-separator has-alpha-channel-opacity\"\/>\n\n\n\n<p><strong>CASTELLANO | <\/strong>La Associaci\u00f3 Amatista ha organizado una nueva actividad centrada en la gesti\u00f3n emocional que ir\u00e1 a cargo del formador internacional en inteligencia emocional Mois\u00e9s Mart\u00ednez Berrio.<br>La actividad se llevar\u00e1 a cabo el jueves 29 de junio, a las 18h, en el Hotel de Entidades (plaza de la Esgl\u00e9sia).<\/p>\n\n\n\n<p>Inscripciones en el tel\u00e9fono:  639 136 727<\/p>\n\n\n\n<p><\/p>\n","protected":false},"excerpt":{"rendered":"<p>L&#8217;Associaci\u00f3 Amatista ha organitzat una nova activitat centrada en la gesti\u00f3 emocional que anir\u00e0 a c\u00e0rrec del formador internacional en intel\u00b7lig\u00e8ncia emocional Mois\u00e9s Mart\u00ednez Berrio.L&#8217;activitat es dur\u00e0 a terme el &hellip; <a href=\"https:\/\/bisbalpenedes.com\/web\/2023\/06\/23\/lassociacio-amatista-ha-organitzat-un-taller-de-gestio-emocional-es-fara-el-dijous-29-de-juny-a-la-tarda\/\" class=\"more-link\">Read More<\/a><\/p>\n","protected":false},"author":4,"featured_media":26082,"comment_status":"closed","ping_status":"closed","sticky":false,"template":"","format":"standard","meta":[],"categories":[8],"tags":[5901,735,6068,393,6069],"_links":{"self":[{"href":"https:\/\/bisbalpenedes.com\/web\/wp-json\/wp\/v2\/posts\/26081"}],"collection":[{"href":"https:\/\/bisbalpenedes.com\/web\/wp-json\/wp\/v2\/posts"}],"about":[{"href":"https:\/\/bisbalpenedes.com\/web\/wp-json\/wp\/v2\/types\/post"}],"author":[{"embeddable":true,"href":"https:\/\/bisbalpenedes.com\/web\/wp-json\/wp\/v2\/users\/4"}],"replies":[{"embeddable":true,"href":"https:\/\/bisbalpenedes.com\/web\/wp-json\/wp\/v2\/comments?post=26081"}],"version-history":[{"count":1,"href":"https:\/\/bisbalpenedes.com\/web\/wp-json\/wp\/v2\/posts\/26081\/revisions"}],"predecessor-version":[{"id":26083,"href":"https:\/\/bisbalpenedes.com\/web\/wp-json\/wp\/v2\/posts\/26081\/revisions\/26083"}],"wp:featuredmedia":[{"embeddable":true,"href":"https:\/\/bisbalpenedes.com\/web\/wp-json\/wp\/v2\/media\/26082"}],"wp:attachment":[{"href":"https:\/\/bisbalpenedes.com\/web\/wp-json\/wp\/v2\/media?parent=26081"}],"wp:term":[{"taxonomy":"category","embeddable":true,"href":"https:\/\/bisbalpenedes.com\/web\/wp-json\/wp\/v2\/categories?post=26081"},{"taxonomy":"post_tag","embeddable":true,"href":"https:\/\/bisbalpenedes.com\/web\/wp-json\/wp\/v2\/tags?post=26081"}],"curies":[{"name":"wp","href":"https:\/\/api.w.org\/{rel}","templated":true}]}}