{"id":2607,"date":"2017-06-15T21:23:42","date_gmt":"2017-06-15T15:23:42","guid":{"rendered":"http:\/\/bisbalpenedes.com\/web\/?p=2607"},"modified":"2017-06-15T21:25:27","modified_gmt":"2017-06-15T15:25:27","slug":"arranjament-de-bonys-en-lasfalt-de-diversos-punts-de-la-vila","status":"publish","type":"post","link":"https:\/\/bisbalpenedes.com\/web\/2017\/06\/15\/arranjament-de-bonys-en-lasfalt-de-diversos-punts-de-la-vila\/","title":{"rendered":"L&#8217;Ajuntament est\u00e0 arreglant bonys en l&#8217;asfalt de diversos punts de la vila"},"content":{"rendered":"<p><a href=\"http:\/\/bisbalpenedes.com\/web\/wp-content\/uploads\/2017\/06\/IMG-20170614-WA0004.jpg\"><img loading=\"lazy\" class=\"aligncenter size-thumbnail wp-image-2611\" title=\"arranjament bonys asfalt\" src=\"http:\/\/bisbalpenedes.com\/web\/wp-content\/uploads\/2017\/06\/IMG-20170614-WA0004-150x150.jpg\" alt=\"\" width=\"150\" height=\"150\" srcset=\"https:\/\/bisbalpenedes.com\/web\/wp-content\/uploads\/2017\/06\/IMG-20170614-WA0004-150x150.jpg 150w, https:\/\/bisbalpenedes.com\/web\/wp-content\/uploads\/2017\/06\/IMG-20170614-WA0004-300x300.jpg 300w, https:\/\/bisbalpenedes.com\/web\/wp-content\/uploads\/2017\/06\/IMG-20170614-WA0004-100x100.jpg 100w\" sizes=\"(max-width: 150px) 100vw, 150px\" \/><\/a><\/p>\n<p>L\u2019Ajuntament de la Bisbal del Pened\u00e8s est\u00e0 eliminant els bonys produ\u00efts per les arrels dels arbres dels carrers en les seg\u00fcents ubicacions:\u00ad\u00ad<\/p>\n<p>-Priorat de la Bisbal: Acc\u00e9s a la urbanitzaci\u00f3 i carrer Toledo<\/p>\n<p>-L\u2019Esplai: carrer Joan Mir\u00f3 i carrer Greco<\/p>\n<p>-Can Gordei: carrer Fresser i carrer Gai\u00e0<\/p>\n<p>L\u2019arranjament consisteix en un fressat de l\u2019asfalt amb la retirada de materials a l\u2019abocador, deixant el paviment a cota d\u2019asfalt. Es retiren les arrels amb una rasa longitudinal i s\u2019hi posa formig\u00f3. Despr\u00e9s es torna a asfaltar en calent amb escampada manual i compactaci\u00f3 mec\u00e0nica. El pressupost destinat a aquestes actuacions \u00e9s de 9.675\u20ac<\/p>\n","protected":false},"excerpt":{"rendered":"<p>L\u2019Ajuntament de la Bisbal del Pened\u00e8s est\u00e0 eliminant els bonys produ\u00efts per les arrels dels arbres dels carrers en les seg\u00fcents ubicacions:\u00ad\u00ad -Priorat de la Bisbal: Acc\u00e9s a la urbanitzaci\u00f3 &hellip; <a href=\"https:\/\/bisbalpenedes.com\/web\/2017\/06\/15\/arranjament-de-bonys-en-lasfalt-de-diversos-punts-de-la-vila\/\" class=\"more-link\">Read More<\/a><\/p>\n","protected":false},"author":4,"featured_media":2611,"comment_status":"closed","ping_status":"closed","sticky":false,"template":"","format":"standard","meta":[],"categories":[8],"tags":[532,531,529,526,528,527,138,530],"_links":{"self":[{"href":"https:\/\/bisbalpenedes.com\/web\/wp-json\/wp\/v2\/posts\/2607"}],"collection":[{"href":"https:\/\/bisbalpenedes.com\/web\/wp-json\/wp\/v2\/posts"}],"about":[{"href":"https:\/\/bisbalpenedes.com\/web\/wp-json\/wp\/v2\/types\/post"}],"author":[{"embeddable":true,"href":"https:\/\/bisbalpenedes.com\/web\/wp-json\/wp\/v2\/users\/4"}],"replies":[{"embeddable":true,"href":"https:\/\/bisbalpenedes.com\/web\/wp-json\/wp\/v2\/comments?post=2607"}],"version-history":[{"count":8,"href":"https:\/\/bisbalpenedes.com\/web\/wp-json\/wp\/v2\/posts\/2607\/revisions"}],"predecessor-version":[{"id":2616,"href":"https:\/\/bisbalpenedes.com\/web\/wp-json\/wp\/v2\/posts\/2607\/revisions\/2616"}],"wp:featuredmedia":[{"embeddable":true,"href":"https:\/\/bisbalpenedes.com\/web\/wp-json\/wp\/v2\/media\/2611"}],"wp:attachment":[{"href":"https:\/\/bisbalpenedes.com\/web\/wp-json\/wp\/v2\/media?parent=2607"}],"wp:term":[{"taxonomy":"category","embeddable":true,"href":"https:\/\/bisbalpenedes.com\/web\/wp-json\/wp\/v2\/categories?post=2607"},{"taxonomy":"post_tag","embeddable":true,"href":"https:\/\/bisbalpenedes.com\/web\/wp-json\/wp\/v2\/tags?post=2607"}],"curies":[{"name":"wp","href":"https:\/\/api.w.org\/{rel}","templated":true}]}}