{"id":26056,"date":"2023-06-21T13:04:03","date_gmt":"2023-06-21T11:04:03","guid":{"rendered":"https:\/\/bisbalpenedes.com\/web\/?p=26056"},"modified":"2023-06-21T13:08:23","modified_gmt":"2023-06-21T11:08:23","slug":"el-darrer-espectacle-del-festival-eva-a-la-bisbal-es-mujeres-de-moral-distraida-de-martha-escudero-i-el-podreu-veure-el-dijous-22-de-juny-a-les-2130h","status":"publish","type":"post","link":"https:\/\/bisbalpenedes.com\/web\/2023\/06\/21\/el-darrer-espectacle-del-festival-eva-a-la-bisbal-es-mujeres-de-moral-distraida-de-martha-escudero-i-el-podreu-veure-el-dijous-22-de-juny-a-les-2130h\/","title":{"rendered":"El darrer espectacle del Festival EVA a la Bisbal \u00e9s &#8220;Mujeres de moral distra\u00edda&#8221; de Martha Escudero i el podreu veure el dijous 22 de juny a les 21:30h"},"content":{"rendered":"\n<p>Dem\u00e0 dijous arriba el darrer espectacle de l&#8217;EVA | Festival en Veu Alta a la Bisbal del Pened\u00e8s. Martha Escudero presenta &#8220;Mujeres de moral distra\u00edda&#8221; a les 21:30h a la pla\u00e7a de l&#8217;Esgl\u00e9sia, un espectacle de narraci\u00f3 adre\u00e7at al p\u00fablic adult.<br>Per a m\u00e9s informaci\u00f3, accediu a l&#8217;enlla\u00e7:<br><a href=\"https:\/\/enveualta.com\/espectacle\/eva2023-penedes-martha-escudero-mujeres-de-moral-distraida\/\">https:\/\/enveualta.com\/espectacle\/eva2023-penedes-martha-escudero-mujeres-de-moral-distraida\/<\/a><\/p>\n\n\n\n<hr class=\"wp-block-separator has-alpha-channel-opacity\"\/>\n\n\n\n<p><strong>CASTELLANO |<\/strong> Ma\u00f1ana jueves llega el \u00faltimo espect\u00e1culo del EVA | Festival en Veu Alta en la Bisbal del Pened\u00e8s. Martha Escudero presenta &#8220;Mujeres de moral distra\u00edda&#8221; a las 21:30h en la plaza de la Esgl\u00e9sia, un espect\u00e1culo de narraci\u00f3n dirigido al p\u00fablico adulto. <br>Para m\u00e1s informaci\u00f3n, acceded al enlace:<br><a href=\"https:\/\/enveualta.com\/espectacle\/eva2023-penedes-martha-escudero-mujeres-de-moral-distraida\/\">https:\/\/enveualta.com\/espectacle\/eva2023-penedes-martha-escudero-mujeres-de-moral-distraida\/<\/a><\/p>\n\n\n\n<p><\/p>\n","protected":false},"excerpt":{"rendered":"<p>Dem\u00e0 dijous arriba el darrer espectacle de l&#8217;EVA | Festival en Veu Alta a la Bisbal del Pened\u00e8s. Martha Escudero presenta &#8220;Mujeres de moral distra\u00edda&#8221; a les 21:30h a la &hellip; <a href=\"https:\/\/bisbalpenedes.com\/web\/2023\/06\/21\/el-darrer-espectacle-del-festival-eva-a-la-bisbal-es-mujeres-de-moral-distraida-de-martha-escudero-i-el-podreu-veure-el-dijous-22-de-juny-a-les-2130h\/\" class=\"more-link\">Read More<\/a><\/p>\n","protected":false},"author":4,"featured_media":26059,"comment_status":"closed","ping_status":"closed","sticky":false,"template":"","format":"standard","meta":[],"categories":[2942,13,8],"tags":[459,1807,393,6066,4559,1374],"_links":{"self":[{"href":"https:\/\/bisbalpenedes.com\/web\/wp-json\/wp\/v2\/posts\/26056"}],"collection":[{"href":"https:\/\/bisbalpenedes.com\/web\/wp-json\/wp\/v2\/posts"}],"about":[{"href":"https:\/\/bisbalpenedes.com\/web\/wp-json\/wp\/v2\/types\/post"}],"author":[{"embeddable":true,"href":"https:\/\/bisbalpenedes.com\/web\/wp-json\/wp\/v2\/users\/4"}],"replies":[{"embeddable":true,"href":"https:\/\/bisbalpenedes.com\/web\/wp-json\/wp\/v2\/comments?post=26056"}],"version-history":[{"count":1,"href":"https:\/\/bisbalpenedes.com\/web\/wp-json\/wp\/v2\/posts\/26056\/revisions"}],"predecessor-version":[{"id":26058,"href":"https:\/\/bisbalpenedes.com\/web\/wp-json\/wp\/v2\/posts\/26056\/revisions\/26058"}],"wp:featuredmedia":[{"embeddable":true,"href":"https:\/\/bisbalpenedes.com\/web\/wp-json\/wp\/v2\/media\/26059"}],"wp:attachment":[{"href":"https:\/\/bisbalpenedes.com\/web\/wp-json\/wp\/v2\/media?parent=26056"}],"wp:term":[{"taxonomy":"category","embeddable":true,"href":"https:\/\/bisbalpenedes.com\/web\/wp-json\/wp\/v2\/categories?post=26056"},{"taxonomy":"post_tag","embeddable":true,"href":"https:\/\/bisbalpenedes.com\/web\/wp-json\/wp\/v2\/tags?post=26056"}],"curies":[{"name":"wp","href":"https:\/\/api.w.org\/{rel}","templated":true}]}}