{"id":26049,"date":"2023-06-21T12:17:49","date_gmt":"2023-06-21T10:17:49","guid":{"rendered":"https:\/\/bisbalpenedes.com\/web\/?p=26049"},"modified":"2023-06-21T13:11:30","modified_gmt":"2023-06-21T11:11:30","slug":"avis-per-calor-per-al-dijous-22-de-juny-de-12h-a-18h","status":"publish","type":"post","link":"https:\/\/bisbalpenedes.com\/web\/2023\/06\/21\/avis-per-calor-per-al-dijous-22-de-juny-de-12h-a-18h\/","title":{"rendered":"Av\u00eds per calor per al dijous 22 de juny de 12h a 18h"},"content":{"rendered":"\n<p>Avui comen\u00e7a l&#8217;estiu i ja tenim aqu\u00ed el primer av\u00eds per calor de l&#8217;estaci\u00f3. Concretament, el Servei Meteorol\u00f2gic de Catalunya ha em\u00e8s un av\u00eds per a dem\u00e0 dijous entre les 12h i les 18h. Us adjuntem algunes recomanacions i us recordem que la <a href=\"https:\/\/bit.ly\/3JfeDvK\" target=\"_blank\" rel=\"noreferrer noopener\">piscina municipal<\/a> ja est\u00e0 oberta perqu\u00e8 us pugueu refrescar.<\/p>\n\n\n\n<figure class=\"wp-block-image size-large\"><img loading=\"lazy\" width=\"1024\" height=\"1024\" src=\"https:\/\/bisbalpenedes.com\/web\/wp-content\/uploads\/2023\/06\/2-1024x1024.png\" alt=\"\" class=\"wp-image-26050\" srcset=\"https:\/\/bisbalpenedes.com\/web\/wp-content\/uploads\/2023\/06\/2-1024x1024.png 1024w, https:\/\/bisbalpenedes.com\/web\/wp-content\/uploads\/2023\/06\/2-300x300.png 300w, https:\/\/bisbalpenedes.com\/web\/wp-content\/uploads\/2023\/06\/2-150x150.png 150w, https:\/\/bisbalpenedes.com\/web\/wp-content\/uploads\/2023\/06\/2-768x768.png 768w, https:\/\/bisbalpenedes.com\/web\/wp-content\/uploads\/2023\/06\/2-600x600.png 600w, https:\/\/bisbalpenedes.com\/web\/wp-content\/uploads\/2023\/06\/2-100x100.png 100w, https:\/\/bisbalpenedes.com\/web\/wp-content\/uploads\/2023\/06\/2.png 1080w\" sizes=\"(max-width: 1024px) 100vw, 1024px\" \/><\/figure>\n\n\n\n<hr class=\"wp-block-separator has-alpha-channel-opacity\"\/>\n\n\n\n<p>Hoy empieza el verano y ya tenemos aqu\u00ed el primer aviso por calor de la estaci\u00f3n. Concretamente, el Servicio Meteorol\u00f3gico de Catalu\u00f1a ha emitido un aviso para ma\u00f1ana jueves entre las 12h y las 18h. Os adjuntamos algunas recomendaciones y os recordamos que la <a href=\"https:\/\/bit.ly\/3JfeDvK\" target=\"_blank\" rel=\"noreferrer noopener\">piscina municipal <\/a>est\u00e1 abierta para que os pod\u00e1is refrescar.<\/p>\n\n\n\n<figure class=\"wp-block-image size-large\"><img loading=\"lazy\" width=\"1024\" height=\"1024\" src=\"https:\/\/bisbalpenedes.com\/web\/wp-content\/uploads\/2023\/06\/3-1024x1024.png\" alt=\"\" class=\"wp-image-26051\" srcset=\"https:\/\/bisbalpenedes.com\/web\/wp-content\/uploads\/2023\/06\/3-1024x1024.png 1024w, https:\/\/bisbalpenedes.com\/web\/wp-content\/uploads\/2023\/06\/3-300x300.png 300w, https:\/\/bisbalpenedes.com\/web\/wp-content\/uploads\/2023\/06\/3-150x150.png 150w, https:\/\/bisbalpenedes.com\/web\/wp-content\/uploads\/2023\/06\/3-768x768.png 768w, https:\/\/bisbalpenedes.com\/web\/wp-content\/uploads\/2023\/06\/3-600x600.png 600w, https:\/\/bisbalpenedes.com\/web\/wp-content\/uploads\/2023\/06\/3-100x100.png 100w, https:\/\/bisbalpenedes.com\/web\/wp-content\/uploads\/2023\/06\/3.png 1080w\" sizes=\"(max-width: 1024px) 100vw, 1024px\" \/><\/figure>\n","protected":false},"excerpt":{"rendered":"<p>Avui comen\u00e7a l&#8217;estiu i ja tenim aqu\u00ed el primer av\u00eds per calor de l&#8217;estaci\u00f3. Concretament, el Servei Meteorol\u00f2gic de Catalunya ha em\u00e8s un av\u00eds per a dem\u00e0 dijous entre les &hellip; <a href=\"https:\/\/bisbalpenedes.com\/web\/2023\/06\/21\/avis-per-calor-per-al-dijous-22-de-juny-de-12h-a-18h\/\" class=\"more-link\">Read More<\/a><\/p>\n","protected":false},"author":4,"featured_media":26060,"comment_status":"closed","ping_status":"closed","sticky":false,"template":"","format":"standard","meta":[],"categories":[1628,2543,8],"tags":[4580,459,76,6065,393,1374,1339],"_links":{"self":[{"href":"https:\/\/bisbalpenedes.com\/web\/wp-json\/wp\/v2\/posts\/26049"}],"collection":[{"href":"https:\/\/bisbalpenedes.com\/web\/wp-json\/wp\/v2\/posts"}],"about":[{"href":"https:\/\/bisbalpenedes.com\/web\/wp-json\/wp\/v2\/types\/post"}],"author":[{"embeddable":true,"href":"https:\/\/bisbalpenedes.com\/web\/wp-json\/wp\/v2\/users\/4"}],"replies":[{"embeddable":true,"href":"https:\/\/bisbalpenedes.com\/web\/wp-json\/wp\/v2\/comments?post=26049"}],"version-history":[{"count":1,"href":"https:\/\/bisbalpenedes.com\/web\/wp-json\/wp\/v2\/posts\/26049\/revisions"}],"predecessor-version":[{"id":26053,"href":"https:\/\/bisbalpenedes.com\/web\/wp-json\/wp\/v2\/posts\/26049\/revisions\/26053"}],"wp:featuredmedia":[{"embeddable":true,"href":"https:\/\/bisbalpenedes.com\/web\/wp-json\/wp\/v2\/media\/26060"}],"wp:attachment":[{"href":"https:\/\/bisbalpenedes.com\/web\/wp-json\/wp\/v2\/media?parent=26049"}],"wp:term":[{"taxonomy":"category","embeddable":true,"href":"https:\/\/bisbalpenedes.com\/web\/wp-json\/wp\/v2\/categories?post=26049"},{"taxonomy":"post_tag","embeddable":true,"href":"https:\/\/bisbalpenedes.com\/web\/wp-json\/wp\/v2\/tags?post=26049"}],"curies":[{"name":"wp","href":"https:\/\/api.w.org\/{rel}","templated":true}]}}