{"id":26044,"date":"2023-06-21T11:32:00","date_gmt":"2023-06-21T09:32:00","guid":{"rendered":"https:\/\/bisbalpenedes.com\/web\/?p=26044"},"modified":"2023-06-21T13:20:41","modified_gmt":"2023-06-21T11:20:41","slug":"el-diumenge-25-de-juny-el-cmc-acollira-la-projeccio-de-la-pellicula-el-sostre-groc-del-cicle-gaudi","status":"publish","type":"post","link":"https:\/\/bisbalpenedes.com\/web\/2023\/06\/21\/el-diumenge-25-de-juny-el-cmc-acollira-la-projeccio-de-la-pellicula-el-sostre-groc-del-cicle-gaudi\/","title":{"rendered":"El diumenge 25 de juny el CMC acollir\u00e0 la projecci\u00f3 del documental \u201cEl sostre groc\u201d del Cicle Gaud\u00ed"},"content":{"rendered":"\n<p>El diumenge 25 de juny, a les 19h, l\u2019Auditori Salb\u00e0 del CMC acollir\u00e0 la projecci\u00f3 del documental \u201cEl sostre groc\u201d del Cicle Gaud\u00ed.<\/p>\n\n\n\n<p><strong>FITXA T\u00c8CNICA<\/strong><\/p>\n\n\n\n<p>Direcci\u00f3: Isabel Coixet<\/p>\n\n\n\n<p>Gui\u00f3: Isabel Coixet i Laura Ferrero<\/p>\n\n\n\n<p>Productora: MISS WASABI LAB<\/p>\n\n\n\n<p>Estrena: Desembre 2022<\/p>\n\n\n\n<p>Durada: 94 min.<\/p>\n\n\n\n<p>G\u00e8nere: Documental<\/p>\n\n\n\n<p>Versi\u00f3: Original en Catal\u00e0 i castell\u00e0<\/p>\n\n\n\n<p><strong>SINOPSI<\/strong><\/p>\n\n\n\n<p>L\u2019any 2018 un grup de nou dones va presentar una den\u00fancia contra dos dels seus professors de l\u2019Aula de Teatre de Lleida per abusos sexuals comesos entre els anys 2001 i 2008, quan eren unes adolescents. Va ser massa tard. Per por, per vergonya, perqu\u00e8 van trigar molt de temps a entendre i digerir el que els havia passat, la den\u00fancia va arribar quan el cas ja havia prescrit i es va arxivar. El que no sabien \u00e9s que, tot i que el cas havia prescrit, els seus testimonis estaven obrint una porta en la qual, potser, no tot estava perdut.<\/p>\n\n\n\n<p>Com \u00e9s habitual, el preu de l\u2019entrada ser\u00e0 de 4,5\u20ac (general) i 3\u20ac per als espectadors que presentin el carnet de la Biblioteca p\u00fablica de la Bisbal del Pened\u00e8s. Els beneficis es destinaran a l\u2019entitat que gestioni la taquilla abans de la projecci\u00f3 (es fa un sorteig entre les entitats que volen fer aquesta tasca), en aquest cas l\u2019Associaci\u00f3 de la Gent Gran.<\/p>\n\n\n\n<figure class=\"wp-block-embed is-type-video is-provider-youtube wp-block-embed-youtube wp-embed-aspect-16-9 wp-has-aspect-ratio\"><div class=\"wp-block-embed__wrapper\">\n<iframe loading=\"lazy\" title=\"Cicle Gaud\u00ed: &quot;El sostre groc&quot;\" width=\"1170\" height=\"658\" src=\"https:\/\/www.youtube.com\/embed\/hqBLfXGITDU?feature=oembed\" frameborder=\"0\" allow=\"accelerometer; autoplay; clipboard-write; encrypted-media; gyroscope; picture-in-picture; web-share\" allowfullscreen><\/iframe>\n<\/div><\/figure>\n\n\n\n<hr class=\"wp-block-separator has-alpha-channel-opacity\"\/>\n\n\n\n<p><strong>CASTELLANO |<\/strong> El Domingo 25 de junio, a las 19h, el Auditorio Salb\u00e0 del CMC acoger\u00e1 la proyecci\u00f3n del documental \u201cEl sostre groc\u201d del Cicle Gaud\u00ed.<\/p>\n\n\n\n<p><strong>FICHA T\u00c9CNICA<\/strong><\/p>\n\n\n\n<p>Direcci\u00f3n: Isabel Coixet<\/p>\n\n\n\n<p>Gui\u00f3n: Isabel Coixet y Laura Ferrero<\/p>\n\n\n\n<p>Productora: MISS WASABI LAB<\/p>\n\n\n\n<p>Estreno: Diciembre 2022<\/p>\n\n\n\n<p>Duraci\u00f3n: 94 min.<\/p>\n\n\n\n<p>G\u00e9nero: Documental<\/p>\n\n\n\n<p>Versi\u00f3n: Original en Catal\u00e1n y castellano<\/p>\n\n\n\n<p><strong>SINOPSIS<\/strong><\/p>\n\n\n\n<p>En el a\u00f1o 2018 un grupo de nueve mujeres present\u00f3 una denuncia contra dos de sus profesores del Aula de Teatro de Lleida por abusos sexuales cometidos entre los a\u00f1os 2001 y 2008, cuando eran unas adolescentes. Fue demasiado tarde. Por miedo, por verg\u00fcenza, porque tardaron mucho tiempo en entender y digerir lo que les hab\u00eda pasado, la denuncia lleg\u00f3 cuando el caso ya hab\u00eda prescrito y se archiv\u00f3. Lo que no sab\u00edan es que, aunque hab\u00eda prescrito, sus testimonios estaban abriendo una puerta en la que, quiz\u00e1s, no todo estaba perdido.<\/p>\n\n\n\n<p>Como es habitual, el precio de la entrada ser\u00e1 de 4,5\u20ac (general) y 3\u20ac para los espectadores que presenten el carn\u00e9 de la Biblioteca p\u00fablica de la Bisbal del Pened\u00e8s. Los beneficios se destinar\u00e1n a la entidad que gestione la taquilla antes de la proyecci\u00f3n (se hace un sorteo entre las entidades que quieren realizar esta tarea), en este caso la Associaci\u00f3 de la Gent Gran.<\/p>\n","protected":false},"excerpt":{"rendered":"<p>El diumenge 25 de juny, a les 19h, l\u2019Auditori Salb\u00e0 del CMC acollir\u00e0 la projecci\u00f3 del documental \u201cEl sostre groc\u201d del Cicle Gaud\u00ed. FITXA T\u00c8CNICA Direcci\u00f3: Isabel Coixet Gui\u00f3: Isabel &hellip; <a href=\"https:\/\/bisbalpenedes.com\/web\/2023\/06\/21\/el-diumenge-25-de-juny-el-cmc-acollira-la-projeccio-de-la-pellicula-el-sostre-groc-del-cicle-gaudi\/\" class=\"more-link\">Read More<\/a><\/p>\n","protected":false},"author":4,"featured_media":26061,"comment_status":"closed","ping_status":"closed","sticky":false,"template":"","format":"standard","meta":[],"categories":[2942,13,8],"tags":[755,459,2930,307,226,6064,1570,393,1374],"_links":{"self":[{"href":"https:\/\/bisbalpenedes.com\/web\/wp-json\/wp\/v2\/posts\/26044"}],"collection":[{"href":"https:\/\/bisbalpenedes.com\/web\/wp-json\/wp\/v2\/posts"}],"about":[{"href":"https:\/\/bisbalpenedes.com\/web\/wp-json\/wp\/v2\/types\/post"}],"author":[{"embeddable":true,"href":"https:\/\/bisbalpenedes.com\/web\/wp-json\/wp\/v2\/users\/4"}],"replies":[{"embeddable":true,"href":"https:\/\/bisbalpenedes.com\/web\/wp-json\/wp\/v2\/comments?post=26044"}],"version-history":[{"count":3,"href":"https:\/\/bisbalpenedes.com\/web\/wp-json\/wp\/v2\/posts\/26044\/revisions"}],"predecessor-version":[{"id":26048,"href":"https:\/\/bisbalpenedes.com\/web\/wp-json\/wp\/v2\/posts\/26044\/revisions\/26048"}],"wp:featuredmedia":[{"embeddable":true,"href":"https:\/\/bisbalpenedes.com\/web\/wp-json\/wp\/v2\/media\/26061"}],"wp:attachment":[{"href":"https:\/\/bisbalpenedes.com\/web\/wp-json\/wp\/v2\/media?parent=26044"}],"wp:term":[{"taxonomy":"category","embeddable":true,"href":"https:\/\/bisbalpenedes.com\/web\/wp-json\/wp\/v2\/categories?post=26044"},{"taxonomy":"post_tag","embeddable":true,"href":"https:\/\/bisbalpenedes.com\/web\/wp-json\/wp\/v2\/tags?post=26044"}],"curies":[{"name":"wp","href":"https:\/\/api.w.org\/{rel}","templated":true}]}}