{"id":2604,"date":"2017-06-15T03:06:01","date_gmt":"2017-06-14T21:06:01","guid":{"rendered":"http:\/\/bisbalpenedes.com\/web\/?p=2604"},"modified":"2017-06-15T03:06:01","modified_gmt":"2017-06-14T21:06:01","slug":"ordre-del-dia-del-ple-ordinari-del-dilluns-19-de-juny-a-les-19h","status":"publish","type":"post","link":"https:\/\/bisbalpenedes.com\/web\/2017\/06\/15\/ordre-del-dia-del-ple-ordinari-del-dilluns-19-de-juny-a-les-19h\/","title":{"rendered":"Ordre del dia del Ple Ordinari del dilluns 19 de juny a les 19h"},"content":{"rendered":"<p>&nbsp;<\/p>\n<p><strong>Ordre del dia del Ple Ordinari que se celebrar\u00e0 el dilluns 19 de juny 2017 a les 19:00:<\/strong><\/p>\n<p>1 Aprovaci\u00f3 de l\u2019acta anterior ordin\u00e0ria del 20 de mar\u00e7 del 2017 i extraordin\u00e0ria del 29 de maig de 2017<\/p>\n<p>2. Donar compte dels Decrets d\u2019Alcaldia<\/p>\n<p>3. Donar compte Decret d\u2019alcaldia 2017-250 aprovaci\u00f3 liquidaci\u00f3 pressupost 2016<\/p>\n<p>4. Donar compte informe de secretaria Intervenci\u00f3 per\u00edode mig de pagament primer trimestre del 2017<\/p>\n<p>5. Aprovaci\u00f3 modificaci\u00f3 de cr\u00e8dit 2\/2017 del pressupost del 2017<\/p>\n<p>6. Aprovaci\u00f3 de l\u2019ordenan\u00e7a reguladora de les bases generals per l\u2019atorgament d\u2019ajuts individualitzats a fam\u00edlies en situacions socioecon\u00f2miques desfavorides de subvencions per les activitats d\u2019excursions i col\u00f2nies escolars 2017-2018<\/p>\n<p>7. Aprovaci\u00f3 declaraci\u00f3 per poder contractar personal laboral temporal i\/o funcionari inter\u00ed per tal de cobrir necessitats urgents i inajornables a sectors funcions i categories professionals.<\/p>\n<p>8. Aprovaci\u00f3 inicial del protocol d\u2019\u00fas de xarxes socials de l\u2019Ajuntament de la Bisbal del Pened\u00e8s.<\/p>\n<p>9. Aprovaci\u00f3 inicial del Reglament Org\u00e0nic Municipal.<\/p>\n<p>10. Aprovaci\u00f3 inicial del Codi \u00c8tic i de Bona Conducta.<\/p>\n<p>11. Aprovaci\u00f3 declaraci\u00f3 de revisi\u00f3 d\u2019ofici per declarar nul de ple dret l\u2019acte administratiu pel qual es va aprovar l\u2019arrendament de la finca que conforma el Poliesportiu a l\u2019Associaci\u00f3 Segle XX mitjan\u00e7ant procediment obert i preu bonificat podent-se permetre el subarrendament de la partida del Local destinada a Bar Restaurant per part de l\u2019Arrendatari per acord del Ple de data 17 de setembre del 2013.<\/p>\n<p>12. Informaci\u00f3 de Gesti\u00f3.<\/p>\n<p>13.Precs i preguntes<\/p>\n","protected":false},"excerpt":{"rendered":"<p>&nbsp; Ordre del dia del Ple Ordinari que se celebrar\u00e0 el dilluns 19 de juny 2017 a les 19:00: 1 Aprovaci\u00f3 de l\u2019acta anterior ordin\u00e0ria del 20 de mar\u00e7 del &hellip; <a href=\"https:\/\/bisbalpenedes.com\/web\/2017\/06\/15\/ordre-del-dia-del-ple-ordinari-del-dilluns-19-de-juny-a-les-19h\/\" class=\"more-link\">Read More<\/a><\/p>\n","protected":false},"author":4,"featured_media":2173,"comment_status":"closed","ping_status":"closed","sticky":false,"template":"","format":"standard","meta":[],"categories":[4],"tags":[],"_links":{"self":[{"href":"https:\/\/bisbalpenedes.com\/web\/wp-json\/wp\/v2\/posts\/2604"}],"collection":[{"href":"https:\/\/bisbalpenedes.com\/web\/wp-json\/wp\/v2\/posts"}],"about":[{"href":"https:\/\/bisbalpenedes.com\/web\/wp-json\/wp\/v2\/types\/post"}],"author":[{"embeddable":true,"href":"https:\/\/bisbalpenedes.com\/web\/wp-json\/wp\/v2\/users\/4"}],"replies":[{"embeddable":true,"href":"https:\/\/bisbalpenedes.com\/web\/wp-json\/wp\/v2\/comments?post=2604"}],"version-history":[{"count":2,"href":"https:\/\/bisbalpenedes.com\/web\/wp-json\/wp\/v2\/posts\/2604\/revisions"}],"predecessor-version":[{"id":2606,"href":"https:\/\/bisbalpenedes.com\/web\/wp-json\/wp\/v2\/posts\/2604\/revisions\/2606"}],"wp:featuredmedia":[{"embeddable":true,"href":"https:\/\/bisbalpenedes.com\/web\/wp-json\/wp\/v2\/media\/2173"}],"wp:attachment":[{"href":"https:\/\/bisbalpenedes.com\/web\/wp-json\/wp\/v2\/media?parent=2604"}],"wp:term":[{"taxonomy":"category","embeddable":true,"href":"https:\/\/bisbalpenedes.com\/web\/wp-json\/wp\/v2\/categories?post=2604"},{"taxonomy":"post_tag","embeddable":true,"href":"https:\/\/bisbalpenedes.com\/web\/wp-json\/wp\/v2\/tags?post=2604"}],"curies":[{"name":"wp","href":"https:\/\/api.w.org\/{rel}","templated":true}]}}