{"id":26012,"date":"2023-06-19T17:43:43","date_gmt":"2023-06-19T15:43:43","guid":{"rendered":"https:\/\/bisbalpenedes.com\/web\/?p=26012"},"modified":"2023-06-21T13:31:53","modified_gmt":"2023-06-21T11:31:53","slug":"el-23-de-juny-arriba-la-flama-del-canigo-a-la-bisbal-del-penedes","status":"publish","type":"post","link":"https:\/\/bisbalpenedes.com\/web\/2023\/06\/19\/el-23-de-juny-arriba-la-flama-del-canigo-a-la-bisbal-del-penedes\/","title":{"rendered":"El 23 de juny arriba la Flama del Canig\u00f3 a la Bisbal del Pened\u00e8s"},"content":{"rendered":"\n<p>Un any m\u00e9s, arriba la Flama del Canig\u00f3 a la Bisbal del Pened\u00e8s.<br>Us adjuntem el programa previst.<\/p>\n\n\n\n<hr class=\"wp-block-separator has-alpha-channel-opacity\"\/>\n\n\n\n<p>Un a\u00f1o m\u00e1s, llega la Flama del Canigo a la Bisbal del Pened\u00e8s.<br>Os adjuntamos el programa previsto.<\/p>\n\n\n\n<figure class=\"wp-block-image size-large\"><img loading=\"lazy\" width=\"724\" height=\"1024\" src=\"https:\/\/bisbalpenedes.com\/web\/wp-content\/uploads\/2023\/06\/LAFLAMA-2023-724x1024.png\" alt=\"\" class=\"wp-image-26013\" srcset=\"https:\/\/bisbalpenedes.com\/web\/wp-content\/uploads\/2023\/06\/LAFLAMA-2023-724x1024.png 724w, https:\/\/bisbalpenedes.com\/web\/wp-content\/uploads\/2023\/06\/LAFLAMA-2023-212x300.png 212w, https:\/\/bisbalpenedes.com\/web\/wp-content\/uploads\/2023\/06\/LAFLAMA-2023-768x1086.png 768w, https:\/\/bisbalpenedes.com\/web\/wp-content\/uploads\/2023\/06\/LAFLAMA-2023-1086x1536.png 1086w, https:\/\/bisbalpenedes.com\/web\/wp-content\/uploads\/2023\/06\/LAFLAMA-2023-600x849.png 600w, https:\/\/bisbalpenedes.com\/web\/wp-content\/uploads\/2023\/06\/LAFLAMA-2023.png 1414w\" sizes=\"(max-width: 724px) 100vw, 724px\" \/><\/figure>\n","protected":false},"excerpt":{"rendered":"<p>Un any m\u00e9s, arriba la Flama del Canig\u00f3 a la Bisbal del Pened\u00e8s.Us adjuntem el programa previst. Un a\u00f1o m\u00e1s, llega la Flama del Canigo a la Bisbal del Pened\u00e8s.Os &hellip; <a href=\"https:\/\/bisbalpenedes.com\/web\/2023\/06\/19\/el-23-de-juny-arriba-la-flama-del-canigo-a-la-bisbal-del-penedes\/\" class=\"more-link\">Read More<\/a><\/p>\n","protected":false},"author":4,"featured_media":26062,"comment_status":"closed","ping_status":"closed","sticky":false,"template":"","format":"standard","meta":[],"categories":[2942,13,8],"tags":[],"_links":{"self":[{"href":"https:\/\/bisbalpenedes.com\/web\/wp-json\/wp\/v2\/posts\/26012"}],"collection":[{"href":"https:\/\/bisbalpenedes.com\/web\/wp-json\/wp\/v2\/posts"}],"about":[{"href":"https:\/\/bisbalpenedes.com\/web\/wp-json\/wp\/v2\/types\/post"}],"author":[{"embeddable":true,"href":"https:\/\/bisbalpenedes.com\/web\/wp-json\/wp\/v2\/users\/4"}],"replies":[{"embeddable":true,"href":"https:\/\/bisbalpenedes.com\/web\/wp-json\/wp\/v2\/comments?post=26012"}],"version-history":[{"count":2,"href":"https:\/\/bisbalpenedes.com\/web\/wp-json\/wp\/v2\/posts\/26012\/revisions"}],"predecessor-version":[{"id":26072,"href":"https:\/\/bisbalpenedes.com\/web\/wp-json\/wp\/v2\/posts\/26012\/revisions\/26072"}],"wp:featuredmedia":[{"embeddable":true,"href":"https:\/\/bisbalpenedes.com\/web\/wp-json\/wp\/v2\/media\/26062"}],"wp:attachment":[{"href":"https:\/\/bisbalpenedes.com\/web\/wp-json\/wp\/v2\/media?parent=26012"}],"wp:term":[{"taxonomy":"category","embeddable":true,"href":"https:\/\/bisbalpenedes.com\/web\/wp-json\/wp\/v2\/categories?post=26012"},{"taxonomy":"post_tag","embeddable":true,"href":"https:\/\/bisbalpenedes.com\/web\/wp-json\/wp\/v2\/tags?post=26012"}],"curies":[{"name":"wp","href":"https:\/\/api.w.org\/{rel}","templated":true}]}}