{"id":25993,"date":"2023-06-17T16:49:00","date_gmt":"2023-06-17T14:49:00","guid":{"rendered":"https:\/\/bisbalpenedes.com\/web\/?p=25993"},"modified":"2023-06-17T16:49:00","modified_gmt":"2023-06-17T14:49:00","slug":"agnes-ferre-continua-sent-lalcaldessa-de-la-bisbal-del-penedes-aquest-dissabte-17-de-juny-ha-tingut-lloc-el-ple-de-constitucio-del-consistori-i-dinvestidura-de-lalcaldessa","status":"publish","type":"post","link":"https:\/\/bisbalpenedes.com\/web\/2023\/06\/17\/agnes-ferre-continua-sent-lalcaldessa-de-la-bisbal-del-penedes-aquest-dissabte-17-de-juny-ha-tingut-lloc-el-ple-de-constitucio-del-consistori-i-dinvestidura-de-lalcaldessa\/","title":{"rendered":"Agn\u00e8s Ferr\u00e9 continua sent l\u2019alcaldessa de la Bisbal del Pened\u00e8s &#8211; Aquest dissabte 17 de juny ha tingut lloc el Ple de constituci\u00f3 del Consistori i d\u2019investidura de l\u2019alcaldessa"},"content":{"rendered":"\n<p><em><sub>Fotografia dels 11 regidors del Consistori bisbalenc<\/sub><\/em><\/p>\n\n\n\n<p>Aquest dissabte 17 de juny, al migdia, s\u2019ha celebrat el Ple de Constituci\u00f3 del nou Consistori, sorgit del resultat de les eleccions locals del passat 28 de maig de 2023. Han prom\u00e8s o jurat el c\u00e0rrec onze regidors electes i s\u2019ha procedit a l\u2019elecci\u00f3 de l\u2019alcaldessa. Agn\u00e8s Ferr\u00e9 (Comprom\u00eds amb la Bisbal \u2013 Ara pacte local) ha renovat el c\u00e0rrec d\u2019alcaldessa, ja que la seva candidatura ha obtingut 7 vots durant el Ple d\u2019investidura.<\/p>\n\n\n\n<p>La batllessa bisbalenca ha iniciat el seu discurs recordant que <em>\u201cfa 4 i 8 anys vaig comen\u00e7ar el discurs d\u2019alcaldessa amb aquesta frase \u2018la vara d\u2019alcalde \u00e9s s\u00edmbol de comandament i d\u2019autoritat per\u00f2 per a mi \u00e9s s\u00edmbol de servei, de servei a la Bisbal\u2019, i avui he volgut comen\u00e7ar amb la mateixa frase perqu\u00e8 penso el mateix\u201d. Ferr\u00e9 ha explicat que Comprom\u00eds amb la Bisbal-Ara Pacte Local va decidir pactar amb el PSC i ERC \u201cque s\u00f3n les persones que havien mostrat inter\u00e8s en arribar a acords i treballar pel municipi des del govern\u201d. L\u2019alcaldessa ha explicat que \u201cels pactes es fan amb les persones\u201d i que l\u2019equip de govern treballar\u00e0 en aquest nou mandat per \u201ccomplir les propostes que portem als nostres programes electorals, continuar amb els projectes engegats i executar tots els serveis i projectes que vagin sorgint, i tot aix\u00f2 amb humilitat, alegria i passi\u00f3\u201d.<\/em><\/p>\n\n\n\n<p>El Consistori per al mandat 2023-2027 ha quedat constitu\u00eft de la seg\u00fcent manera:<\/p>\n\n\n\n<figure class=\"wp-block-image size-large\"><img loading=\"lazy\" width=\"1024\" height=\"768\" src=\"https:\/\/bisbalpenedes.com\/web\/wp-content\/uploads\/2023\/06\/EQUIP-DE-GOVERN-1-1024x768.jpeg\" alt=\"\" class=\"wp-image-25995\" srcset=\"https:\/\/bisbalpenedes.com\/web\/wp-content\/uploads\/2023\/06\/EQUIP-DE-GOVERN-1-1024x768.jpeg 1024w, https:\/\/bisbalpenedes.com\/web\/wp-content\/uploads\/2023\/06\/EQUIP-DE-GOVERN-1-300x225.jpeg 300w, https:\/\/bisbalpenedes.com\/web\/wp-content\/uploads\/2023\/06\/EQUIP-DE-GOVERN-1-768x576.jpeg 768w, https:\/\/bisbalpenedes.com\/web\/wp-content\/uploads\/2023\/06\/EQUIP-DE-GOVERN-1-1536x1152.jpeg 1536w, https:\/\/bisbalpenedes.com\/web\/wp-content\/uploads\/2023\/06\/EQUIP-DE-GOVERN-1-2048x1536.jpeg 2048w, https:\/\/bisbalpenedes.com\/web\/wp-content\/uploads\/2023\/06\/EQUIP-DE-GOVERN-1-600x450.jpeg 600w\" sizes=\"(max-width: 1024px) 100vw, 1024px\" \/><figcaption>Fotografia de l&#8217;equip de govern<\/figcaption><\/figure>\n\n\n\n<p><strong><span style=\"text-decoration: underline;\">Equip de govern:<\/span><\/strong><\/p>\n\n\n\n<ul><li>Agn\u00e8s Ferr\u00e9 Ca\u00f1ellas, alcaldessa (Comprom\u00eds amb la Bisbal-Ara Pacte local)<\/li><li>Judith Vidal Vilella (Comprom\u00eds amb la Bisbal-Ara Pacte local)<\/li><li>Francisca [Paqui] Cepas Garc\u00eda (Comprom\u00eds amb la Bisbal-Ara Pacte local)<\/li><li>Feliu Gil Esteve (Comprom\u00eds amb la Bisbal-Ara Pacte local)<\/li><li>Joan Gimeno Guasch (Comprom\u00eds amb la Bisbal-Ara Pacte local)<\/li><li>Daniel Caballero Casta\u00f1o (PSC)<\/li><li>S\u00edlvia Monfort Costa (ERC-AM)<\/li><\/ul>\n\n\n\n<p><strong><u>Oposici\u00f3:<\/u><\/strong><\/p>\n\n\n\n<ul><li>Mart\u00edn Deluca Silberberg (La Bisbal Decideix \u2013 Comprom\u00eds Municipal)<\/li><li>Jaime Valls Padilla (La Bisbal Decideix \u2013 Comprom\u00eds Municipal)<\/li><li>Margarita [Maguy] Antol\u00edn Manso (Tots Som la Bisbal \u2013 Urbanizaciones Unidas)<\/li><li>Ra\u00fal Cort\u00e9s Vico (Tots Som la Bisbal \u2013 Urbanizaciones Unidas)<\/li><\/ul>\n\n\n\n<p>Durant els pr\u00f2xims dies l\u2019alcaldessa signar\u00e0 el Decret de nomenament de delegacions espec\u00edfiques als regidors i regidores de l\u2019equip de govern amb la finalitat de gestionar els assumptes o serveis determinats de l\u2019Ajuntament de la Bisbal del Pened\u00e8s.<\/p>\n\n\n\n<p>Podeu veure el Ple de Constituci\u00f3 del nou Ajuntament i d\u2019investidura de l\u2019alcaldessa aqu\u00ed:<\/p>\n\n\n\n<figure class=\"wp-block-embed is-type-video is-provider-youtube wp-block-embed-youtube wp-embed-aspect-16-9 wp-has-aspect-ratio\"><div class=\"wp-block-embed__wrapper\">\n<iframe loading=\"lazy\" title=\"Ajuntament de la Bisbal del Pened\u00e8s. Ple de 17 de juny de 2023, de constituci\u00f3 de l&#039;Ajuntament\" width=\"1170\" height=\"658\" src=\"https:\/\/www.youtube.com\/embed\/D3hpPrO4J5w?feature=oembed\" frameborder=\"0\" allow=\"accelerometer; autoplay; clipboard-write; encrypted-media; gyroscope; picture-in-picture; web-share\" allowfullscreen><\/iframe>\n<\/div><\/figure>\n\n\n\n<hr class=\"wp-block-separator has-alpha-channel-opacity\"\/>\n\n\n\n<p>CASTELLANO | Este s\u00e1bado 17 de junio, a mediod\u00eda, se ha celebrado el Pleno de Constituci\u00f3n del nuevo Consistorio, surgido del resultado de las elecciones locales del pasado 28 de mayo de 2023. Han prometido o jurado el cargo once concejales electos y se ha procedido a la elecci\u00f3n de la alcaldesa. Agn\u00e8s Ferr\u00e9 (Comprom\u00eds amb la Bisbal \u2013 Ara pacte local) ha renovado el cargo de alcaldesa, ya que su candidatura ha obtenido 7 votos durante el Pleno de investidura.<\/p>\n\n\n\n<p>La alcaldesa de la Bisbal ha iniciado su discurso recordando que <em>\u201chace 4 y 8 a\u00f1os empec\u00e9 el discurso de alcaldesa con esta frase \u2018la vara de alcalde es s\u00edmbolo de mando y de autoridad pero para m\u00ed es s\u00edmbolo de servicio, de servicio a la Bisbal\u2019, y hoy he querido empezar con la misma frase porque pienso lo mismo\u201d. <\/em>Ferr\u00e9 ha explicado que Comprom\u00eds amb la Bisbal-Ara Pacte Local decidi\u00f3 pactar con el PSC y ERC \u201cque son las personas que hab\u00edan mostrado inter\u00e9s en llegar a acuerdos y trabajar por el municipio desde el gobierno\u201d. La alcaldesa ha explicado que <em>\u201clos pactos se hacen con las personas\u201d <\/em>y que el equipo de gobierno trabajar\u00e1 en este nuevo mandato para<em> \u201ccumplir las propuestas que llevamos en nuestros programas electorales, continuar con los proyectos iniciados y ejecutar todos los servicios y proyectos que vayan surgiendo, y todo esto con humildad, alegr\u00eda y pasi\u00f3n\u201d.<\/em><\/p>\n\n\n\n<p>El Consistorio para el mandato 2023-2027 ha quedado constituido de la siguiente manera:<\/p>\n\n\n\n<p><strong><u>Equipo de gobierno:<\/u><\/strong><\/p>\n\n\n\n<ul><li>Agn\u00e8s Ferr\u00e9 Ca\u00f1ellas, alcaldesa (Comprom\u00eds amb la Bisbal-Ara Pacte local)<\/li><li>Judith Vidal Vilella (Comprom\u00eds amb la Bisbal-Ara Pacte local)<\/li><li>Francisca [Paqui] Cepas Garc\u00eda (Comprom\u00eds amb la Bisbal-Ara Pacte local)<\/li><li>Feliu Gil Esteve (Comprom\u00eds amb la Bisbal-Ara Pacte local)<\/li><li>Joan Gimeno Guasch (Comprom\u00eds amb la Bisbal-Ara Pacte local)<\/li><li>Daniel Caballero Casta\u00f1o (PSC)<\/li><li>S\u00edlvia Monfort Costa (ERC-AM)<\/li><\/ul>\n\n\n\n<p><strong><u>Oposici\u00f3n:<\/u><\/strong><\/p>\n\n\n\n<ul><li>Mart\u00edn Deluca Silberberg (La Bisbal Decideix \u2013 Comprom\u00eds Municipal)<\/li><li>Jaime Valls Padilla (La Bisbal Decideix \u2013 Comprom\u00eds Municipal)<\/li><li>Margarita [Maguy] Antol\u00edn Manso (Tots Som la Bisbal \u2013 Urbanizaciones Unidas)<\/li><li>Ra\u00fal Cort\u00e9s Vico (Tots Som la Bisbal \u2013 Urbanizaciones Unidas)<\/li><\/ul>\n\n\n\n<p>Durante los pr\u00f3ximos d\u00edas la alcaldesa firmar\u00e1 el Decreto de nombramiento de delegaciones espec\u00edficas a los concejales y concejalas del equipo de gobierno con la finalidad de gestionar los asuntos o servicios determinados del Ayuntamiento de la Bisbal del Pened\u00e8s.<\/p>\n\n\n\n<p>Pod\u00e9is per el Pleno de Constituci\u00f3n del nuevo Ayuntamiento e investidura de la alcaldesa en este enlace: <a href=\"https:\/\/youtu.be\/D3hpPrO4J5w\">https:\/\/youtu.be\/D3hpPrO4J5w<\/a><\/p>\n","protected":false},"excerpt":{"rendered":"<p>Fotografia dels 11 regidors del Consistori bisbalenc Aquest dissabte 17 de juny, al migdia, s\u2019ha celebrat el Ple de Constituci\u00f3 del nou Consistori, sorgit del resultat de les eleccions locals &hellip; <a href=\"https:\/\/bisbalpenedes.com\/web\/2023\/06\/17\/agnes-ferre-continua-sent-lalcaldessa-de-la-bisbal-del-penedes-aquest-dissabte-17-de-juny-ha-tingut-lloc-el-ple-de-constitucio-del-consistori-i-dinvestidura-de-lalcaldessa\/\" class=\"more-link\">Read More<\/a><\/p>\n","protected":false},"author":4,"featured_media":25996,"comment_status":"closed","ping_status":"closed","sticky":false,"template":"","format":"standard","meta":[],"categories":[2402,8,2250],"tags":[],"_links":{"self":[{"href":"https:\/\/bisbalpenedes.com\/web\/wp-json\/wp\/v2\/posts\/25993"}],"collection":[{"href":"https:\/\/bisbalpenedes.com\/web\/wp-json\/wp\/v2\/posts"}],"about":[{"href":"https:\/\/bisbalpenedes.com\/web\/wp-json\/wp\/v2\/types\/post"}],"author":[{"embeddable":true,"href":"https:\/\/bisbalpenedes.com\/web\/wp-json\/wp\/v2\/users\/4"}],"replies":[{"embeddable":true,"href":"https:\/\/bisbalpenedes.com\/web\/wp-json\/wp\/v2\/comments?post=25993"}],"version-history":[{"count":2,"href":"https:\/\/bisbalpenedes.com\/web\/wp-json\/wp\/v2\/posts\/25993\/revisions"}],"predecessor-version":[{"id":25998,"href":"https:\/\/bisbalpenedes.com\/web\/wp-json\/wp\/v2\/posts\/25993\/revisions\/25998"}],"wp:featuredmedia":[{"embeddable":true,"href":"https:\/\/bisbalpenedes.com\/web\/wp-json\/wp\/v2\/media\/25996"}],"wp:attachment":[{"href":"https:\/\/bisbalpenedes.com\/web\/wp-json\/wp\/v2\/media?parent=25993"}],"wp:term":[{"taxonomy":"category","embeddable":true,"href":"https:\/\/bisbalpenedes.com\/web\/wp-json\/wp\/v2\/categories?post=25993"},{"taxonomy":"post_tag","embeddable":true,"href":"https:\/\/bisbalpenedes.com\/web\/wp-json\/wp\/v2\/tags?post=25993"}],"curies":[{"name":"wp","href":"https:\/\/api.w.org\/{rel}","templated":true}]}}