{"id":25987,"date":"2023-06-18T20:00:00","date_gmt":"2023-06-18T18:00:00","guid":{"rendered":"https:\/\/bisbalpenedes.com\/web\/?p=25987"},"modified":"2023-06-21T13:31:36","modified_gmt":"2023-06-21T11:31:36","slug":"el-divendres-7-de-juliol-i-el-dissabte-8-de-juliol-celebrarem-el-centenari-de-ledifici-antic-de-lescola-amb-els-pets-en-directe-i-la-projeccio-del-documental-veus-del-vent-del-bisbalenc-ca","status":"publish","type":"post","link":"https:\/\/bisbalpenedes.com\/web\/2023\/06\/18\/el-divendres-7-de-juliol-i-el-dissabte-8-de-juliol-celebrarem-el-centenari-de-ledifici-antic-de-lescola-amb-els-pets-en-directe-i-la-projeccio-del-documental-veus-del-vent-del-bisbalenc-ca\/","title":{"rendered":"El divendres 7 de juliol i el dissabte 8 de juliol celebrarem el centenari de l&#8217;edifici antic de l&#8217;escola amb &#8216;Els Pets&#8217; en directe i amb la projecci\u00f3 del documental &#8216;Veus del Vent&#8217; del bisbalenc Carles Castell\u00f3"},"content":{"rendered":"\n<p>Amb motiu del centenari de l&#8217;edifici antic de l&#8217;escola de la Bisbal del Pened\u00e8s et diem: &#8220;Vine a la festa!&#8221; o millor, potser ens ho canten ells, <strong>Els Pets.<\/strong><\/p>\n\n\n\n<p><strong>El divendres 7 de juliol, a les 23h<\/strong>, gaudiu de la m\u00fasica en directe dels de Constant\u00ed.<\/p>\n\n\n\n<p>Venda d&#8217;entrades a c\u00e0rrec de l&#8217;AFA (fins a exhaurir les places disponibles):<\/p>\n\n\n\n<ul><li>E<strong>l 22 de juny de 18 a 20h<\/strong> a l&#8217;Ajuntament<\/li><\/ul>\n\n\n\n<ul><li><strong>Els dies 23 i 24 de juny d&#8217;11 a 13h <\/strong>a l&#8217;Ajuntament<\/li><\/ul>\n\n\n\n<p>Els Pets ens faran recordar la banda sonora de molts moments i el Carles Castell\u00f3 ens far\u00e0 retornar a la infantesa i reviure hist\u00f2ries amb el documental <strong>&#8220;Veus del Vent&#8221;.<\/strong><\/p>\n\n\n\n<p>El podreu veure <strong>el dissabte 8 de juliol, a les 22h<\/strong>, al pati de l&#8217;edifici antic de l&#8217;escola. L&#8217;entrada ser\u00e0 lliure.<\/p>\n\n\n\n<p>Feli\u00e7os 100 anys a tots i totes els\/les que heu format part de l&#8217;escola bisbalenca!<\/p>\n\n\n\n<hr class=\"wp-block-separator has-alpha-channel-opacity\"\/>\n\n\n\n<p><strong>CASTELLANO |<\/strong>&nbsp;Con motivo del centenario del edificio antiguo de la escuela de la Bisbal del Pened\u00e8s te decimos: &#8220;Vine a la festa!&#8221; o mejor, quiz\u00e1s nos lo canten ellos, Els Pets.<\/p>\n\n\n\n<p><strong>El viernes 7 de julio, a las 23h,<\/strong> disfrutad de la m\u00fasica en directo de los de Constant\u00ed.<\/p>\n\n\n\n<p>Venta de entradas a cargo de la AFA (hasta agotar las plazas disponibles):<\/p>\n\n\n\n<ul><li><strong>El 22 de junio de 18 a 20h en el Ayuntamiento<\/strong><\/li><\/ul>\n\n\n\n<ul><li><strong>Los d\u00edas 23 y 24 de junio de 11 a 13h en el Ayuntamiento<\/strong><\/li><\/ul>\n\n\n\n<p>Els Pets nos har\u00e1n recordar la banda sonora de muchos momentos y Carles Castell\u00f3 nos har\u00e1 volver a la infancia y revivir historias con el documental <strong>&#8220;Veus del Vent&#8221;.<\/strong><\/p>\n\n\n\n<p>Lo podr\u00e9is ver el <strong>s\u00e1bado 8 de julio, a las 22h, en el patio del edificio antiguo de la escuela.<\/strong><\/p>\n\n\n\n<p>La entrada ser\u00e1 libre.<\/p>\n\n\n\n<p>\u00a1Felices 100 a\u00f1os a todos y todas los\/las que hab\u00e9is formado parte de la escuela de la Bisbal!<\/p>\n\n\n\n<p><\/p>\n\n\n\n<figure class=\"wp-block-image size-large\"><img loading=\"lazy\" width=\"724\" height=\"1024\" src=\"https:\/\/bisbalpenedes.com\/web\/wp-content\/uploads\/2023\/06\/CARTELL_CENTENARI_ESCOLA3-724x1024.jpg\" alt=\"\" class=\"wp-image-26054\" srcset=\"https:\/\/bisbalpenedes.com\/web\/wp-content\/uploads\/2023\/06\/CARTELL_CENTENARI_ESCOLA3-724x1024.jpg 724w, https:\/\/bisbalpenedes.com\/web\/wp-content\/uploads\/2023\/06\/CARTELL_CENTENARI_ESCOLA3-212x300.jpg 212w, https:\/\/bisbalpenedes.com\/web\/wp-content\/uploads\/2023\/06\/CARTELL_CENTENARI_ESCOLA3-768x1086.jpg 768w, https:\/\/bisbalpenedes.com\/web\/wp-content\/uploads\/2023\/06\/CARTELL_CENTENARI_ESCOLA3-1086x1536.jpg 1086w, https:\/\/bisbalpenedes.com\/web\/wp-content\/uploads\/2023\/06\/CARTELL_CENTENARI_ESCOLA3-1448x2048.jpg 1448w, https:\/\/bisbalpenedes.com\/web\/wp-content\/uploads\/2023\/06\/CARTELL_CENTENARI_ESCOLA3-600x849.jpg 600w, https:\/\/bisbalpenedes.com\/web\/wp-content\/uploads\/2023\/06\/CARTELL_CENTENARI_ESCOLA3-scaled.jpg 1810w\" sizes=\"(max-width: 724px) 100vw, 724px\" \/><\/figure>\n","protected":false},"excerpt":{"rendered":"<p>Amb motiu del centenari de l&#8217;edifici antic de l&#8217;escola de la Bisbal del Pened\u00e8s et diem: &#8220;Vine a la festa!&#8221; o millor, potser ens ho canten ells, Els Pets. El &hellip; <a href=\"https:\/\/bisbalpenedes.com\/web\/2023\/06\/18\/el-divendres-7-de-juliol-i-el-dissabte-8-de-juliol-celebrarem-el-centenari-de-ledifici-antic-de-lescola-amb-els-pets-en-directe-i-la-projeccio-del-documental-veus-del-vent-del-bisbalenc-ca\/\" class=\"more-link\">Read More<\/a><\/p>\n","protected":false},"author":4,"featured_media":26063,"comment_status":"closed","ping_status":"closed","sticky":false,"template":"","format":"standard","meta":[],"categories":[2942,13],"tags":[459,2505,6059,6060,862,65,337,393,1374,6061],"_links":{"self":[{"href":"https:\/\/bisbalpenedes.com\/web\/wp-json\/wp\/v2\/posts\/25987"}],"collection":[{"href":"https:\/\/bisbalpenedes.com\/web\/wp-json\/wp\/v2\/posts"}],"about":[{"href":"https:\/\/bisbalpenedes.com\/web\/wp-json\/wp\/v2\/types\/post"}],"author":[{"embeddable":true,"href":"https:\/\/bisbalpenedes.com\/web\/wp-json\/wp\/v2\/users\/4"}],"replies":[{"embeddable":true,"href":"https:\/\/bisbalpenedes.com\/web\/wp-json\/wp\/v2\/comments?post=25987"}],"version-history":[{"count":3,"href":"https:\/\/bisbalpenedes.com\/web\/wp-json\/wp\/v2\/posts\/25987\/revisions"}],"predecessor-version":[{"id":26071,"href":"https:\/\/bisbalpenedes.com\/web\/wp-json\/wp\/v2\/posts\/25987\/revisions\/26071"}],"wp:featuredmedia":[{"embeddable":true,"href":"https:\/\/bisbalpenedes.com\/web\/wp-json\/wp\/v2\/media\/26063"}],"wp:attachment":[{"href":"https:\/\/bisbalpenedes.com\/web\/wp-json\/wp\/v2\/media?parent=25987"}],"wp:term":[{"taxonomy":"category","embeddable":true,"href":"https:\/\/bisbalpenedes.com\/web\/wp-json\/wp\/v2\/categories?post=25987"},{"taxonomy":"post_tag","embeddable":true,"href":"https:\/\/bisbalpenedes.com\/web\/wp-json\/wp\/v2\/tags?post=25987"}],"curies":[{"name":"wp","href":"https:\/\/api.w.org\/{rel}","templated":true}]}}