{"id":25969,"date":"2023-06-16T10:19:12","date_gmt":"2023-06-16T08:19:12","guid":{"rendered":"https:\/\/bisbalpenedes.com\/web\/?p=25969"},"modified":"2023-06-16T10:19:12","modified_gmt":"2023-06-16T08:19:12","slug":"es-publica-la-relacio-definitiva-dadmesos-i-exclosos-en-el-proces-selectiu-d1-placa-de-tecnic-a-superior-docupacio-i-joventut-per-concurs-oposicio","status":"publish","type":"post","link":"https:\/\/bisbalpenedes.com\/web\/2023\/06\/16\/es-publica-la-relacio-definitiva-dadmesos-i-exclosos-en-el-proces-selectiu-d1-placa-de-tecnic-a-superior-docupacio-i-joventut-per-concurs-oposicio\/","title":{"rendered":"<strong>Es publica la relaci\u00f3 definitiva d\u2019admesos i exclosos en el proc\u00e9s selectiu d\u20191 pla\u00e7a de t\u00e8cnic\/a superior d\u2019ocupaci\u00f3 i joventut per concurs-oposici\u00f3<\/strong>"},"content":{"rendered":"\n<p>El dia 8 de juny es va aprovar, mitjan\u00e7ant Decret d\u2019alcaldia, la relaci\u00f3 definitiva d\u2019aspirants admesos i exclosos en el proc\u00e9s selectiu d\u20191 pla\u00e7a de t\u00e8cnic\/a superior d\u2019ocupaci\u00f3 i joventut, en r\u00e8gim laboral fix, per concurs oposici\u00f3. A la convocat\u00f2ria s\u2019hi van presentar un total de 15 persones i, al gener, es va signar el Decret d\u2019alcaldia de la relaci\u00f3 provisional d\u2019aspirants admesos i exclosos (9 candidats van quedar admesos provisionalment i 6 persones van quedar excloses provisionalment per no presentar la documentaci\u00f3 necess\u00e0ria per avaluar els requisits i m\u00e8rits de les places). Els candidats comptaven amb deu dies h\u00e0bils des de l\u2019endem\u00e0 de la publicaci\u00f3 al BOPT per formular reclamacions i\/o esmenar defectes que haguessin pogut motivar l\u2019exclusi\u00f3. Una vegada passat el termini, de les 15 persones presentades:<\/p>\n\n\n\n<p>-12 persones candidates han quedat admeses definitivament en el proc\u00e9s selectiu.<\/p>\n\n\n\n<p>-3 persones candidates han quedat definitivament excloses del proc\u00e9s selectiu per no presentar la documentaci\u00f3 requerida.<\/p>\n\n\n\n<p>Avui divendres 16 de juny ha sortit publicada, al BOPT, la relaci\u00f3 definitiva de persones candidates i les dates de les proves del proc\u00e9s selectiu, que es faran el dijous 6 de juliol al mat\u00ed. Podeu consultar aquesta publicaci\u00f3 aqu\u00ed: <a href=\"https:\/\/www.diputaciodetarragona.cat\/ebop\/index.php?op=dwn&amp;tipus=i&amp;data=20230616&amp;anyp=2023&amp;num=05096&amp;v=i\">https:\/\/www.diputaciodetarragona.cat\/ebop\/index.php?op=dwn&amp;tipus=i&amp;data=20230616&amp;anyp=2023&amp;num=05096&amp;v=i<\/a><\/p>\n\n\n\n<hr class=\"wp-block-separator has-alpha-channel-opacity\"\/>\n\n\n\n<p><strong>CASTELLANO |<\/strong> El d\u00eda 8 de junio se aprob\u00f3, mediante Decreto de alcald\u00eda, la relaci\u00f3n definitiva de aspirantes admitidos y excluidos en el proceso selectivo de 1 plaza de t\u00e9cnico\/a superior de ocupaci\u00f3n y juventud, en r\u00e9gimen laboral fijo, por concurso oposici\u00f3n. A la convocatoria se presentaron un total de 15 personas y, en enero, se firm\u00f3 el Decreto de alcald\u00eda de la relaci\u00f3n provisional de aspirantes admitidos y excluidos (9 candidatos quedaron admitidos provisionalmente y 6 personas quedaron excluidas provisionalmente por no presentar la documentaci\u00f3n necesaria para evaluar los requisitos y m\u00e9ritos de las plazas). Los candidatos contaban con diez d\u00edas h\u00e1biles desde el d\u00eda siguiente de la publicaci\u00f3n en el BOPT para formular reclamaciones y\/o enmendar defectos que hubiesen podido motivar la exclusi\u00f3n. Una vez terminado el plazo, de las 15 personas presentadas:<\/p>\n\n\n\n<p>-12 personas candidatas han quedado admitidas definitivamente en el proceso selectivo.<\/p>\n\n\n\n<p>-3 personas candidatas han quedado definitivamente excluidas del proceso selectivo por no presentar la documentaci\u00f3n requerida.<\/p>\n\n\n\n<p>Hoy viernes 16 de junio ha salido publicada, en el BOPT, la relaci\u00f3n definitiva de personas candidatas y las fechas de las pruebas del proceso selectivo, que se har\u00e1n el jueves 6 de julio por la ma\u00f1ana. Pod\u00e9is consultar esta publicaci\u00f3n aqu\u00ed: <a href=\"https:\/\/www.diputaciodetarragona.cat\/ebop\/index.php?op=dwn&amp;tipus=i&amp;data=20230616&amp;anyp=2023&amp;num=05096&amp;v=i\">https:\/\/www.diputaciodetarragona.cat\/ebop\/index.php?op=dwn&amp;tipus=i&amp;data=20230616&amp;anyp=2023&amp;num=05096&amp;v=i<\/a><\/p>\n","protected":false},"excerpt":{"rendered":"<p>El dia 8 de juny es va aprovar, mitjan\u00e7ant Decret d\u2019alcaldia, la relaci\u00f3 definitiva d\u2019aspirants admesos i exclosos en el proc\u00e9s selectiu d\u20191 pla\u00e7a de t\u00e8cnic\/a superior d\u2019ocupaci\u00f3 i joventut, &hellip; <a href=\"https:\/\/bisbalpenedes.com\/web\/2023\/06\/16\/es-publica-la-relacio-definitiva-dadmesos-i-exclosos-en-el-proces-selectiu-d1-placa-de-tecnic-a-superior-docupacio-i-joventut-per-concurs-oposicio\/\" class=\"more-link\">Read More<\/a><\/p>\n","protected":false},"author":4,"featured_media":25970,"comment_status":"closed","ping_status":"closed","sticky":false,"template":"","format":"standard","meta":[],"categories":[2402,8],"tags":[459,210,393,1374,5693],"_links":{"self":[{"href":"https:\/\/bisbalpenedes.com\/web\/wp-json\/wp\/v2\/posts\/25969"}],"collection":[{"href":"https:\/\/bisbalpenedes.com\/web\/wp-json\/wp\/v2\/posts"}],"about":[{"href":"https:\/\/bisbalpenedes.com\/web\/wp-json\/wp\/v2\/types\/post"}],"author":[{"embeddable":true,"href":"https:\/\/bisbalpenedes.com\/web\/wp-json\/wp\/v2\/users\/4"}],"replies":[{"embeddable":true,"href":"https:\/\/bisbalpenedes.com\/web\/wp-json\/wp\/v2\/comments?post=25969"}],"version-history":[{"count":1,"href":"https:\/\/bisbalpenedes.com\/web\/wp-json\/wp\/v2\/posts\/25969\/revisions"}],"predecessor-version":[{"id":25971,"href":"https:\/\/bisbalpenedes.com\/web\/wp-json\/wp\/v2\/posts\/25969\/revisions\/25971"}],"wp:featuredmedia":[{"embeddable":true,"href":"https:\/\/bisbalpenedes.com\/web\/wp-json\/wp\/v2\/media\/25970"}],"wp:attachment":[{"href":"https:\/\/bisbalpenedes.com\/web\/wp-json\/wp\/v2\/media?parent=25969"}],"wp:term":[{"taxonomy":"category","embeddable":true,"href":"https:\/\/bisbalpenedes.com\/web\/wp-json\/wp\/v2\/categories?post=25969"},{"taxonomy":"post_tag","embeddable":true,"href":"https:\/\/bisbalpenedes.com\/web\/wp-json\/wp\/v2\/tags?post=25969"}],"curies":[{"name":"wp","href":"https:\/\/api.w.org\/{rel}","templated":true}]}}