{"id":25956,"date":"2023-06-15T19:34:40","date_gmt":"2023-06-15T17:34:40","guid":{"rendered":"https:\/\/bisbalpenedes.com\/web\/?p=25956"},"modified":"2023-06-15T19:48:43","modified_gmt":"2023-06-15T17:48:43","slug":"la-bisbalenca-andrea-crespo-fara-practiques-a-lajuntament-de-la-bisbal-del-penedes-mitjancant-un-conveni-amb-la-upc","status":"publish","type":"post","link":"https:\/\/bisbalpenedes.com\/web\/2023\/06\/15\/la-bisbalenca-andrea-crespo-fara-practiques-a-lajuntament-de-la-bisbal-del-penedes-mitjancant-un-conveni-amb-la-upc\/","title":{"rendered":"La bisbalenca Andrea Crespo fa pr\u00e0ctiques a l&#8217;Ajuntament de la Bisbal del Pened\u00e8s mitjan\u00e7ant un conveni amb la UPC"},"content":{"rendered":"\n<p>L&#8217;Ajuntament de la Bisbal del Pened\u00e8s i la Universitat Polit\u00e8cnica de Catalunya, Barcelona TECH (UPC) han signat un conveni per a la realitzaci\u00f3 de pr\u00e0ctiques acad\u00e8miques externes a trav\u00e9s del programa Campus Rural. La persona seleccionada per fer pr\u00e0ctiques a l\u2019Ajuntament \u00e9s la bisbalenca Andrea Crespo Caballero, estudiant de telecomunicacions.<\/p>\n\n\n\n<p>Campus Rural \u00e9s una iniciativa desenvolupada des del Ministerio para la Transici\u00f3n Ecol\u00f3gica y el Reto Demogr\u00e1fico, en col\u00b7laboraci\u00f3 amb el Ministerio de Universidades i les Universitats P\u00fabliques Espanyoles, que t\u00e9 per objectiu que els universitaris de qualsevol titulaci\u00f3 oficial puguin dur a terme pr\u00e0ctiques acad\u00e8miques en Ajuntaments, mancomunitats o altres organismes de municipis de menys de 5.000 habitants en zones rurals.<\/p>\n\n\n\n<p>Un dels objectius de l\u2019Ajuntament de la Bisbal del Pened\u00e8s, des de les regidories d\u2019Ensenyament i Ocupaci\u00f3, \u00e9s posar en valor la professionalitzaci\u00f3 dels estudis. L\u2019alcaldessa de la Bisbal del Pened\u00e8s, Agn\u00e8s Ferr\u00e9, ha explicat que <em>\u201cvalorem molt positivament poder participar en aquesta xarxa com a ens de coneixement del marc de l\u2019administraci\u00f3 p\u00fablica cap als estudiants dels diferents graus i m\u00e0sters de la UPC\u201d<\/em>. Per aquest motiu, el consistori bisbalenc va presentar-se a la convocat\u00f2ria del Campus Rural amb la UPC i, des de la Universitat, s\u2019ha fet tota la tramitaci\u00f3 i el proc\u00e9s selectiu. Fa unes setmanes van comunicar a l\u2019Ajuntament que la persona triada era la bisbalenca Andrea Crespo Caballero, que far\u00e0 tres mesos de pr\u00e0ctiques a l\u2019Ajuntament de la Bisbal del Pened\u00e8s -del 15 de juny al 15 de setembre- que incorporen una ajuda a l\u2019estudi de 1.000 euros\/bruts al mes que assumeix el programa Campus Rural 2023. Aquest import s\u2019assumeix des de l\u2019esmentat programa i no suposa cap despesa per a l\u2019Ajuntament de la Bisbal del Pened\u00e8s.<\/p>\n\n\n\n<p>L\u2019alcaldessa Agn\u00e8s Ferr\u00e9 ha rebut l\u2019estudiant, a principis de setmana, al seu despatx per fer una presa de contacte pr\u00e8via a l\u2019inici de les pr\u00e0ctiques. L\u2019Andrea Crespo ha explicat que li fa il\u00b7lusi\u00f3 fer pr\u00e0ctiques a l\u2019Ajuntament perqu\u00e8 <em>\u201cpodr\u00e9 aportar coses bones al meu poble perqu\u00e8 evolucioni, puc aplicar els meus aprenentatges i, a m\u00e9s,\u00a0 no m&#8217;he de traslladar i podr\u00e9 gaudir dels amics a l\u2019estiu\u201d.<\/em> L\u2019Andrea ha afegit que <em>\u201cvinc una mica a cegues perqu\u00e8 no he treballat mai en aquest sector, per\u00f2 m\u2019han dit que aqu\u00ed a l&#8217;Ajuntament far\u00e9 tasques diverses relacionades amb el meu \u00e0mbit d&#8217;estudi, i aix\u00f2 tamb\u00e9 m&#8217;anir\u00e0 b\u00e9 per veure qu\u00e8 m&#8217;agrada m\u00e9s i qu\u00e8 m&#8217;agrada menys d\u2019all\u00f2 que he estudiat a l\u2019hora de portar-ho a la pr\u00e0ctica\u201d.<\/em><\/p>\n\n\n\n<hr class=\"wp-block-separator has-alpha-channel-opacity\"\/>\n\n\n\n<p><strong>CASTELLANO |<\/strong> El Ayuntamiento de la Bisbal del Pened\u00e8s y la Universitat Polit\u00e8cnica de Catalunya, Barcelona TECH (UPC) han firmado un convenio para la realizaci\u00f3n de pr\u00e1cticas acad\u00e9micas externes a trav\u00e9s del programa Campus Rural. La persona seleccionada para hacer pr\u00e1cticas en el Ayuntamiento es la bisbalenca Andrea Crespo Caballero, estudiante de telecomunicaciones.<\/p>\n\n\n\n<p>Campus Rural es una iniciativa desarrollada desde el Ministerio para la Transici\u00f3n Ecol\u00f3gica y el Reto Demogr\u00e1fico, en colaboraci\u00f3n con el Ministerio de Universidades y Universidades P\u00fablicas Espa\u00f1olas, que tiene como objetivo que los universitarios de cualquier titulaci\u00f3n oficial puedan llevar a cabo pr\u00e1cticas acad\u00e9micas en Ayuntamientos, mancomunidades u otros organismos de municipios de menos de 5.000 habitantes en zonas rurales.<\/p>\n\n\n\n<p>Uno de los objetivos del Ayuntamiento de la Bisbal del Pened\u00e8s, desde las concejal\u00edas de Educaci\u00f3n y Ocupaci\u00f3n, es poner en valor la profesionalizaci\u00f3n de los estudios. La alcaldesa de la Bisbal del Pened\u00e8s, Agn\u00e8s Ferr\u00e9, ha explicado que \u201c<em>valoramos muy positivamente poder participar en esta red como entes de conocimiento del marco de la administraci\u00f3n p\u00fablica hacia los estudiantes de los distintos grados y m\u00e1steres de la UPC\u201d.<\/em> Por este motivo, el consistorio bisbalense se present\u00f3 a la convocatoria del Campus Rural con la UPC y, desde la Universidad, se ha hecho toda la tramitaci\u00f3n y el proceso selectivo. Hace unas semanas le comunicaron al Ayuntamiento que la persona elegida era la bisbalenca Andrea Crespo Caballero, que har\u00e1 tres meses de pr\u00e1cticas en el Ayuntamiento de la Bisbal del Pened\u00e8s -del 15 de junio al 15 de septiembre- que incorporan una ayuda al estudio de 1.000 euros\/brutos al mes que asume el programa Campus Rural 2023. Este importe se asume desde dicho programa y no supondr\u00e1 ning\u00fan gasto para el Ayuntamiento de la Bisbal del Pened\u00e8s.<\/p>\n\n\n\n<p>La alcaldesa Agn\u00e8s Ferr\u00e9 ha recibido a la estudiante, a principios de esta semana, en su despacho para hacer una toma de contacto previa al inicio de las pr\u00e1cticas. Andrea Crespo ha explicado que le hace ilusi\u00f3n hacer pr\u00e1cticas en el Ayuntamiento porque <em>\u201cpodr\u00e9 aportar cosas buenas a mi pueblo para que evolucione, puedo aplicar mis aprendizajes y, adem\u00e1s, no me tengo que trasladar y podr\u00e9 disfrutar de los amigos en verano\u201d.<\/em> Andrea ha a\u00f1adido que \u201cvengo un poco a ciegas porque no he trabajado nunca en este sector, pero me han dicho que aqu\u00ed en el Ayuntamiento har\u00e9 tareas diversas relacionadas con mi \u00e1mbito de estudio, y esto tambi\u00e9n me ir\u00e1 bien para ver qu\u00e9 me gusta m\u00e1s y qu\u00e9 me gusta menos de lo que he estudiado a la hora de llevarlo a la pr\u00e1ctica\u201d.<\/p>\n","protected":false},"excerpt":{"rendered":"<p>L&#8217;Ajuntament de la Bisbal del Pened\u00e8s i la Universitat Polit\u00e8cnica de Catalunya, Barcelona TECH (UPC) han signat un conveni per a la realitzaci\u00f3 de pr\u00e0ctiques acad\u00e8miques externes a trav\u00e9s del &hellip; <a href=\"https:\/\/bisbalpenedes.com\/web\/2023\/06\/15\/la-bisbalenca-andrea-crespo-fara-practiques-a-lajuntament-de-la-bisbal-del-penedes-mitjancant-un-conveni-amb-la-upc\/\" class=\"more-link\">Read More<\/a><\/p>\n","protected":false},"author":4,"featured_media":25957,"comment_status":"closed","ping_status":"closed","sticky":false,"template":"","format":"standard","meta":[],"categories":[2402,8],"tags":[6057,459,6058,393,848],"_links":{"self":[{"href":"https:\/\/bisbalpenedes.com\/web\/wp-json\/wp\/v2\/posts\/25956"}],"collection":[{"href":"https:\/\/bisbalpenedes.com\/web\/wp-json\/wp\/v2\/posts"}],"about":[{"href":"https:\/\/bisbalpenedes.com\/web\/wp-json\/wp\/v2\/types\/post"}],"author":[{"embeddable":true,"href":"https:\/\/bisbalpenedes.com\/web\/wp-json\/wp\/v2\/users\/4"}],"replies":[{"embeddable":true,"href":"https:\/\/bisbalpenedes.com\/web\/wp-json\/wp\/v2\/comments?post=25956"}],"version-history":[{"count":3,"href":"https:\/\/bisbalpenedes.com\/web\/wp-json\/wp\/v2\/posts\/25956\/revisions"}],"predecessor-version":[{"id":25960,"href":"https:\/\/bisbalpenedes.com\/web\/wp-json\/wp\/v2\/posts\/25956\/revisions\/25960"}],"wp:featuredmedia":[{"embeddable":true,"href":"https:\/\/bisbalpenedes.com\/web\/wp-json\/wp\/v2\/media\/25957"}],"wp:attachment":[{"href":"https:\/\/bisbalpenedes.com\/web\/wp-json\/wp\/v2\/media?parent=25956"}],"wp:term":[{"taxonomy":"category","embeddable":true,"href":"https:\/\/bisbalpenedes.com\/web\/wp-json\/wp\/v2\/categories?post=25956"},{"taxonomy":"post_tag","embeddable":true,"href":"https:\/\/bisbalpenedes.com\/web\/wp-json\/wp\/v2\/tags?post=25956"}],"curies":[{"name":"wp","href":"https:\/\/api.w.org\/{rel}","templated":true}]}}