{"id":25945,"date":"2023-06-15T13:53:57","date_gmt":"2023-06-15T11:53:57","guid":{"rendered":"https:\/\/bisbalpenedes.com\/web\/?p=25945"},"modified":"2023-06-15T19:19:39","modified_gmt":"2023-06-15T17:19:39","slug":"aquest-dissabte-17-de-juny-comenca-la-temporada-de-bany-a-la-piscina-municipal","status":"publish","type":"post","link":"https:\/\/bisbalpenedes.com\/web\/2023\/06\/15\/aquest-dissabte-17-de-juny-comenca-la-temporada-de-bany-a-la-piscina-municipal\/","title":{"rendered":"<strong>Aquest dissabte 17 de juny comen\u00e7a la temporada de bany a la piscina municipal<\/strong>"},"content":{"rendered":"\n<p>La piscina municipal de la Bisbal del Pened\u00e8s obrir\u00e0 les seves portes el dissabte 17 de juny. L&#8217;horari ser\u00e0 d&#8217;11 del mat\u00ed a 8 de la tarda i romandr\u00e0 oberta fins a l&#8217;11 de setembre.<\/p>\n\n\n\n<p>Fins al 30 de juny (incl\u00f2s) podreu utilitzar els abonaments de l&#8217;any 2022.<\/p>\n\n\n\n<p>El preu de l&#8217;entrada \u00fanica (a partir de 3 anys) \u00e9s de 3\u20ac. Els usuaris empadronats que tinguin una discapacitat\/minusvalidesa superior al 65% tindran un descompte del 50% en l&#8217;entrada (per a m\u00e9s informaci\u00f3 o per sol\u00b7licitar l&#8217;aplicaci\u00f3 del descompte cal que us adreceu a les oficines municipals).<\/p>\n\n\n\n<p>L&#8217;Ajuntament de la Bisbal del Pened\u00e8s posa a la vostra disposici\u00f3 els seg\u00fcents abonaments, que s&#8217;hauran d&#8217;adquirir a les oficines municipals o a la passarel\u00b7la de pagament: <a href=\"http:\/\/www.bisbalpenedes.com\/web\/botiga\" target=\"_blank\" rel=\"noreferrer noopener\">www.bisbalpenedes.com\/web\/botiga<\/a><\/p>\n\n\n\n<ul><li>10 entrades 22\u20ac<\/li><li>30 entrades 40\u20ac<\/li><li>60 entrades 60\u20ac (nom\u00e9s disponible fent el pagament amb document de codi de barres a l&#8217;entitat banc\u00e0ria, adre\u00e7ant-se primer a les oficines municipals).<\/li><\/ul>\n\n\n\n<p>D&#8217;altra banda, un any m\u00e9s s&#8217;hi oferiran els cursets de nataci\u00f3 de dilluns a divendres i Aqua-Fitness per a joves i adults els dimarts i els dijous. Trobareu m\u00e9s informaci\u00f3 aqu\u00ed:&nbsp; <a href=\"https:\/\/bit.ly\/3Nw56mA\">https:\/\/bit.ly\/3Nw56mA<\/a><\/p>\n\n\n\n<hr class=\"wp-block-separator has-alpha-channel-opacity\"\/>\n\n\n\n<p><strong>CASTELLANO |<\/strong> La piscina municipal de la Bisbal del Pened\u00e8s abrir\u00e1 sus puertas el s\u00e1bado 17 de junio. El horario ser\u00e1 de 11 de la ma\u00f1ana a 8 de la tarde y permanecer\u00e1 abierta hasta el 11 de septiembre.<\/p>\n\n\n\n<p>Hasta el 30 de junio (incluido) podr\u00e9is utilizar los bonos del a\u00f1o 2022.<\/p>\n\n\n\n<p>El precio de la entrada \u00fanica ( a partir de 3 a\u00f1os) es de 3\u20ac. Los usuarios empadronados que tengan una discapacidad\/minusval\u00eda superior al 65% tendr\u00e1n un descuento del 50% en la entrada (para m\u00e1s informaci\u00f3n o para solicitar la aplicaci\u00f3n del descuento os ten\u00e9is que dirigir a las oficinas municipales).<\/p>\n\n\n\n<p>El Ayuntamiento de la Bisbal del Pened\u00e8s pone a vuestra disposici\u00f3n los siguientes bonos, que se tendr\u00e1n que adquirir en las oficinas municipales o en la pasarela de pago: <a href=\"http:\/\/www.bisbalpenedes.com\/web\/botiga\">www.bisbalpenedes.com\/web\/botiga<\/a><\/p>\n\n\n\n<ul><li>10 entradas 22\u20ac<\/li><li>30 entradas 40\u20ac<\/li><li>60 entradas 60\u20ac (solamente disponible haciendo el pago con el documento de c\u00f3digo de barras en la entidad bancaria, dirigi\u00e9ndose primero a las oficinas municipales).<\/li><\/ul>\n\n\n\n<p>Por otro lado, un a\u00f1o m\u00e1s se ofrecer\u00e1n los cursillos de nataci\u00f3n de lunes a viernes y Aqua-Fitness para j\u00f3venes y adultos los martes y los jueves. Encontrar\u00e9is m\u00e1s informaci\u00f3n aqu\u00ed: <a href=\"https:\/\/bit.ly\/3Nw56mA\">https:\/\/bit.ly\/3Nw56mA<\/a><\/p>\n","protected":false},"excerpt":{"rendered":"<p>La piscina municipal de la Bisbal del Pened\u00e8s obrir\u00e0 les seves portes el dissabte 17 de juny. L&#8217;horari ser\u00e0 d&#8217;11 del mat\u00ed a 8 de la tarda i romandr\u00e0 oberta &hellip; <a href=\"https:\/\/bisbalpenedes.com\/web\/2023\/06\/15\/aquest-dissabte-17-de-juny-comenca-la-temporada-de-bany-a-la-piscina-municipal\/\" class=\"more-link\">Read More<\/a><\/p>\n","protected":false},"author":4,"featured_media":25949,"comment_status":"closed","ping_status":"closed","sticky":false,"template":"","format":"standard","meta":[],"categories":[8],"tags":[],"_links":{"self":[{"href":"https:\/\/bisbalpenedes.com\/web\/wp-json\/wp\/v2\/posts\/25945"}],"collection":[{"href":"https:\/\/bisbalpenedes.com\/web\/wp-json\/wp\/v2\/posts"}],"about":[{"href":"https:\/\/bisbalpenedes.com\/web\/wp-json\/wp\/v2\/types\/post"}],"author":[{"embeddable":true,"href":"https:\/\/bisbalpenedes.com\/web\/wp-json\/wp\/v2\/users\/4"}],"replies":[{"embeddable":true,"href":"https:\/\/bisbalpenedes.com\/web\/wp-json\/wp\/v2\/comments?post=25945"}],"version-history":[{"count":3,"href":"https:\/\/bisbalpenedes.com\/web\/wp-json\/wp\/v2\/posts\/25945\/revisions"}],"predecessor-version":[{"id":30831,"href":"https:\/\/bisbalpenedes.com\/web\/wp-json\/wp\/v2\/posts\/25945\/revisions\/30831"}],"wp:featuredmedia":[{"embeddable":true,"href":"https:\/\/bisbalpenedes.com\/web\/wp-json\/wp\/v2\/media\/25949"}],"wp:attachment":[{"href":"https:\/\/bisbalpenedes.com\/web\/wp-json\/wp\/v2\/media?parent=25945"}],"wp:term":[{"taxonomy":"category","embeddable":true,"href":"https:\/\/bisbalpenedes.com\/web\/wp-json\/wp\/v2\/categories?post=25945"},{"taxonomy":"post_tag","embeddable":true,"href":"https:\/\/bisbalpenedes.com\/web\/wp-json\/wp\/v2\/tags?post=25945"}],"curies":[{"name":"wp","href":"https:\/\/api.w.org\/{rel}","templated":true}]}}