{"id":25939,"date":"2023-06-15T13:38:38","date_gmt":"2023-06-15T11:38:38","guid":{"rendered":"https:\/\/bisbalpenedes.com\/web\/?p=25939"},"modified":"2023-06-15T13:38:38","modified_gmt":"2023-06-15T11:38:38","slug":"el-27-de-juny-sobren-les-inscripcions-per-als-cursos-intensius-de-natacio-i-laqua-fitness-a-la-piscina-municipal","status":"publish","type":"post","link":"https:\/\/bisbalpenedes.com\/web\/2023\/06\/15\/el-27-de-juny-sobren-les-inscripcions-per-als-cursos-intensius-de-natacio-i-laqua-fitness-a-la-piscina-municipal\/","title":{"rendered":"El 27 de juny s\u2019obren les inscripcions per als cursos intensius de nataci\u00f3 i l\u2019Aqua-Fitness a la piscina municipal"},"content":{"rendered":"\n<p>Un any m\u00e9s, la piscina municipal acollir\u00e0 cursos intensius de nataci\u00f3 per a infants de 3 a 12 anys.&nbsp;<\/p>\n\n\n\n<ul><li>Primer torn: del 4 al 15 de juliol<\/li><li>Segon torn: del 18 al 29 de juliol<\/li><\/ul>\n\n\n\n<p>Hi haur\u00e0 dos grups (el primer dia es faran proves de nivell):<\/p>\n\n\n\n<ul><li>Iniciaci\u00f3: de dilluns a divendres de 16:30h a 17:15h<\/li><li>Iniciaci\u00f3 avan\u00e7ada: de dilluns a divendres de 17:15h a 19h<\/li><\/ul>\n\n\n\n<p>Del 5 al 28 de juliol els joves i adults de 15 anys en endavant podreu fer Aqua-Fitness els dimarts i els dijous de 15:30h a 16:20h.&nbsp;<\/p>\n\n\n\n<p>Les inscripcions per a totes les activitats es faran a partir del 27 de juny, de 12h a 19h, a la piscina.<\/p>\n\n\n\n<p>Per a m\u00e9s informaci\u00f3 consulteu el cartell adjunt o envieu un correu electr\u00f2nic a&nbsp;<a href=\"mailto:serafpenedes@serafpenedes.cat\">serafpenedes@serafpenedes.cat<\/a>&nbsp;<\/p>\n\n\n\n<hr class=\"wp-block-separator has-alpha-channel-opacity\"\/>\n\n\n\n<p><strong>CASTELLANO | <\/strong>Un a\u00f1o m\u00e1s, la piscina municipal acoger\u00e1 cursos intensivos de nataci\u00f3n para ni\u00f1os\/as de 3 a 12 a\u00f1os.<\/p>\n\n\n\n<ul><li>Primer turno: del 4 al 15 de julio<\/li><li>Segundo turno: del 18 al 29 de julio<\/li><\/ul>\n\n\n\n<p>Habr\u00e1 dos grupos (el primer d\u00eda se har\u00e1n pruebas de nivel):<\/p>\n\n\n\n<ul><li>Iniciaci\u00f3n: de lunes a viernes de 16:30h a 17:15h<\/li><li>Iniciaci\u00f3n avanzada: de lunes a viernes de 17:15h a 19h<\/li><\/ul>\n\n\n\n<p>Del 5 al 28 de julio los j\u00f3venes y adultos de 15 a\u00f1os en adelante podr\u00e9is hacer Aqua-Fitness los martes y los jueves de 15:30h a 16:20h.<\/p>\n\n\n\n<p>Las inscripciones para todas las actividades se har\u00e1n a partir del 27 de junio, de 12h a 19h, en la piscina.<\/p>\n","protected":false},"excerpt":{"rendered":"<p>Un any m\u00e9s, la piscina municipal acollir\u00e0 cursos intensius de nataci\u00f3 per a infants de 3 a 12 anys.&nbsp; Primer torn: del 4 al 15 de juliol Segon torn: del &hellip; <a href=\"https:\/\/bisbalpenedes.com\/web\/2023\/06\/15\/el-27-de-juny-sobren-les-inscripcions-per-als-cursos-intensius-de-natacio-i-laqua-fitness-a-la-piscina-municipal\/\" class=\"more-link\">Read More<\/a><\/p>\n","protected":false},"author":4,"featured_media":25940,"comment_status":"closed","ping_status":"closed","sticky":false,"template":"","format":"standard","meta":[],"categories":[8],"tags":[],"_links":{"self":[{"href":"https:\/\/bisbalpenedes.com\/web\/wp-json\/wp\/v2\/posts\/25939"}],"collection":[{"href":"https:\/\/bisbalpenedes.com\/web\/wp-json\/wp\/v2\/posts"}],"about":[{"href":"https:\/\/bisbalpenedes.com\/web\/wp-json\/wp\/v2\/types\/post"}],"author":[{"embeddable":true,"href":"https:\/\/bisbalpenedes.com\/web\/wp-json\/wp\/v2\/users\/4"}],"replies":[{"embeddable":true,"href":"https:\/\/bisbalpenedes.com\/web\/wp-json\/wp\/v2\/comments?post=25939"}],"version-history":[{"count":1,"href":"https:\/\/bisbalpenedes.com\/web\/wp-json\/wp\/v2\/posts\/25939\/revisions"}],"predecessor-version":[{"id":25941,"href":"https:\/\/bisbalpenedes.com\/web\/wp-json\/wp\/v2\/posts\/25939\/revisions\/25941"}],"wp:featuredmedia":[{"embeddable":true,"href":"https:\/\/bisbalpenedes.com\/web\/wp-json\/wp\/v2\/media\/25940"}],"wp:attachment":[{"href":"https:\/\/bisbalpenedes.com\/web\/wp-json\/wp\/v2\/media?parent=25939"}],"wp:term":[{"taxonomy":"category","embeddable":true,"href":"https:\/\/bisbalpenedes.com\/web\/wp-json\/wp\/v2\/categories?post=25939"},{"taxonomy":"post_tag","embeddable":true,"href":"https:\/\/bisbalpenedes.com\/web\/wp-json\/wp\/v2\/tags?post=25939"}],"curies":[{"name":"wp","href":"https:\/\/api.w.org\/{rel}","templated":true}]}}