{"id":25936,"date":"2023-06-14T19:17:36","date_gmt":"2023-06-14T17:17:36","guid":{"rendered":"https:\/\/bisbalpenedes.com\/web\/?p=25936"},"modified":"2023-06-14T19:17:36","modified_gmt":"2023-06-14T17:17:36","slug":"avui-es-el-dia-mundial-del-donant-de-sang-i-la-facana-de-la-casa-de-la-vila-silluminara-de-color-vermell","status":"publish","type":"post","link":"https:\/\/bisbalpenedes.com\/web\/2023\/06\/14\/avui-es-el-dia-mundial-del-donant-de-sang-i-la-facana-de-la-casa-de-la-vila-silluminara-de-color-vermell\/","title":{"rendered":"Avui \u00e9s el Dia Mundial del donant de sang i la fa\u00e7ana de La Casa de la Vila s&#8217;il\u00b7luminar\u00e0 de color vermell"},"content":{"rendered":"\n<p>L\u2019Ajuntament de la Bisbal del Pened\u00e8s s\u2019il\u00b7luminar\u00e0, aquest vespre, de vermell amb motiu del Dia Mundial del donant de sang que, cada any, se celebra el 14 de juny. Enguany el lema de la jornada \u00e9s \u201cDona sang, dona plasma, comparteix la vida, comparteix-la freq\u00fcentment&#8221;.<\/p>\n\n\n\n<p>Des d&#8217;aqu\u00ed aprofitem per agrair la solidaritat dels bisbalencs i les bisbalenques que doneu sang de forma peri\u00f2dica per contribuir a una millor salut global. La sang no es pot fabricar i, per tant, \u00e9s imprescindible que hi hagi donants regulars arreu del m\u00f3n que puguin contribuir a salvar vides i millorar la salut dels altres.<\/p>\n\n\n\n<p>Trobareu m\u00e9s informaci\u00f3 sobre la jornada a l\u2019enlla\u00e7: <a href=\"https:\/\/www.donantsdesang.cat\/ca\/node\/1419\">https:\/\/www.donantsdesang.cat\/ca\/node\/1419<\/a><\/p>\n\n\n\n<hr class=\"wp-block-separator has-alpha-channel-opacity\"\/>\n\n\n\n<p>El Ayuntamiento de la Bisbal del Pened\u00e8s se iluminar\u00e1, este anochecer, de rojo con motivo del D\u00eda Mundial del donante de sangre que, cada a\u00f1o, se celebra el 14 de junio. Este a\u00f1o el lema de la jornada es \u201cDona sangre, dona plasma, comparte la vida, comp\u00e1rtela frecuentemente&#8221;.<\/p>\n\n\n\n<p>Desde aqu\u00ed aprovechamos para agradecer la solidaridad de los bisbalencs y las bisbalenques que don\u00e1is sangre de forma peri\u00f3dica para contribuir a una mejor salud global. La sangre no se puede fabricar y, por tanto, es imprescindible que haya donantes regulares en todo el mundo que puedan contribuir a salvar vidas y mejorar la salud de los dem\u00e1s.<\/p>\n\n\n\n<p>Encontrar\u00e9is m\u00e1s informaci\u00f3n sobre esta jornada en el enlace: <a href=\"https:\/\/www.donantsdesang.cat\/ca\/node\/1419\">https:\/\/www.donantsdesang.cat\/ca\/node\/1419<\/a><\/p>\n","protected":false},"excerpt":{"rendered":"<p>L\u2019Ajuntament de la Bisbal del Pened\u00e8s s\u2019il\u00b7luminar\u00e0, aquest vespre, de vermell amb motiu del Dia Mundial del donant de sang que, cada any, se celebra el 14 de juny. Enguany &hellip; <a href=\"https:\/\/bisbalpenedes.com\/web\/2023\/06\/14\/avui-es-el-dia-mundial-del-donant-de-sang-i-la-facana-de-la-casa-de-la-vila-silluminara-de-color-vermell\/\" class=\"more-link\">Read More<\/a><\/p>\n","protected":false},"author":4,"featured_media":25937,"comment_status":"closed","ping_status":"closed","sticky":false,"template":"","format":"standard","meta":[],"categories":[2402,8],"tags":[216,2503,393,145,29],"_links":{"self":[{"href":"https:\/\/bisbalpenedes.com\/web\/wp-json\/wp\/v2\/posts\/25936"}],"collection":[{"href":"https:\/\/bisbalpenedes.com\/web\/wp-json\/wp\/v2\/posts"}],"about":[{"href":"https:\/\/bisbalpenedes.com\/web\/wp-json\/wp\/v2\/types\/post"}],"author":[{"embeddable":true,"href":"https:\/\/bisbalpenedes.com\/web\/wp-json\/wp\/v2\/users\/4"}],"replies":[{"embeddable":true,"href":"https:\/\/bisbalpenedes.com\/web\/wp-json\/wp\/v2\/comments?post=25936"}],"version-history":[{"count":1,"href":"https:\/\/bisbalpenedes.com\/web\/wp-json\/wp\/v2\/posts\/25936\/revisions"}],"predecessor-version":[{"id":25938,"href":"https:\/\/bisbalpenedes.com\/web\/wp-json\/wp\/v2\/posts\/25936\/revisions\/25938"}],"wp:featuredmedia":[{"embeddable":true,"href":"https:\/\/bisbalpenedes.com\/web\/wp-json\/wp\/v2\/media\/25937"}],"wp:attachment":[{"href":"https:\/\/bisbalpenedes.com\/web\/wp-json\/wp\/v2\/media?parent=25936"}],"wp:term":[{"taxonomy":"category","embeddable":true,"href":"https:\/\/bisbalpenedes.com\/web\/wp-json\/wp\/v2\/categories?post=25936"},{"taxonomy":"post_tag","embeddable":true,"href":"https:\/\/bisbalpenedes.com\/web\/wp-json\/wp\/v2\/tags?post=25936"}],"curies":[{"name":"wp","href":"https:\/\/api.w.org\/{rel}","templated":true}]}}