{"id":25933,"date":"2023-06-15T07:00:00","date_gmt":"2023-06-15T05:00:00","guid":{"rendered":"https:\/\/bisbalpenedes.com\/web\/?p=25933"},"modified":"2023-06-14T18:47:06","modified_gmt":"2023-06-14T16:47:06","slug":"finalitza-amb-exit-el-curs-subvencionat-de-logistica-i-carretons-per-a-persones-aturades-entre-45-i-60-anys","status":"publish","type":"post","link":"https:\/\/bisbalpenedes.com\/web\/2023\/06\/15\/finalitza-amb-exit-el-curs-subvencionat-de-logistica-i-carretons-per-a-persones-aturades-entre-45-i-60-anys\/","title":{"rendered":"<strong>Finalitza amb \u00e8xit el curs subvencionat de Log\u00edstica i Carretons per a persones aturades entre 45 i 60 anys<\/strong>"},"content":{"rendered":"\n<p>Ahir dimecres 14 de juny va finalitzar el curs 100% subvencionat de Log\u00edstica + Carretons de 150h promogut des de la Cambra de Comer\u00e7 de Tarragona. El curs va comen\u00e7ar el dia 11 de maig i ha comptat amb la participaci\u00f3 d\u2019un total de 16 persones d\u2019entre 45 i 60 anys en situaci\u00f3 d\u2019atur. Els participants han pogut adquirir els carnets professionals -segons la normativa UNE 58451 de carret\u00f3 contrapesat, carret\u00f3 contrapesat retr\u00e0ctil, transpalet el\u00e8ctric, apilador el\u00e8ctric i recollida de comandes.<\/p>\n\n\n\n<p>A banda de la teoria i les pr\u00e0ctiques, els participants han visitat diverses empreses i han fet contactes amb empreses de la zona.<\/p>\n\n\n\n<hr class=\"wp-block-separator has-alpha-channel-opacity\"\/>\n\n\n\n<p>Ayer mi\u00e9rcoles 14 de junio finaliz\u00f3 el curso 100% subvencionado de Log\u00edstica + Carretillas de 150h promovido desde la C\u00e1mara de Comercio de Tarragona. El curso empez\u00f3 el d\u00eda 11 de mayo y ha contado con la participaci\u00f3n de un total de 16 personas de entre 45 y 60 a\u00f1os en situaci\u00f3n de paro. Los participantes han podido adquirir los carn\u00e9s profesionales -seg\u00fan la normativa UN3 58451 de carretilla contrapesada, carretilla contrapesada retr\u00e1ctil, transpalta el\u00e9ctrica, apilador el\u00e9ctrico y recogida de pedidos.<\/p>\n\n\n\n<p>A parte de la teor\u00eda y las pr\u00e1cticas, los participantes han visitado varias empresas y han hecho contratos con empresas de la zona.<\/p>\n","protected":false},"excerpt":{"rendered":"<p>Ahir dimecres 14 de juny va finalitzar el curs 100% subvencionat de Log\u00edstica + Carretons de 150h promogut des de la Cambra de Comer\u00e7 de Tarragona. El curs va comen\u00e7ar &hellip; <a href=\"https:\/\/bisbalpenedes.com\/web\/2023\/06\/15\/finalitza-amb-exit-el-curs-subvencionat-de-logistica-i-carretons-per-a-persones-aturades-entre-45-i-60-anys\/\" class=\"more-link\">Read More<\/a><\/p>\n","protected":false},"author":4,"featured_media":25934,"comment_status":"closed","ping_status":"closed","sticky":false,"template":"","format":"standard","meta":[],"categories":[3822,8],"tags":[1251,6012,6053,393,644],"_links":{"self":[{"href":"https:\/\/bisbalpenedes.com\/web\/wp-json\/wp\/v2\/posts\/25933"}],"collection":[{"href":"https:\/\/bisbalpenedes.com\/web\/wp-json\/wp\/v2\/posts"}],"about":[{"href":"https:\/\/bisbalpenedes.com\/web\/wp-json\/wp\/v2\/types\/post"}],"author":[{"embeddable":true,"href":"https:\/\/bisbalpenedes.com\/web\/wp-json\/wp\/v2\/users\/4"}],"replies":[{"embeddable":true,"href":"https:\/\/bisbalpenedes.com\/web\/wp-json\/wp\/v2\/comments?post=25933"}],"version-history":[{"count":1,"href":"https:\/\/bisbalpenedes.com\/web\/wp-json\/wp\/v2\/posts\/25933\/revisions"}],"predecessor-version":[{"id":25935,"href":"https:\/\/bisbalpenedes.com\/web\/wp-json\/wp\/v2\/posts\/25933\/revisions\/25935"}],"wp:featuredmedia":[{"embeddable":true,"href":"https:\/\/bisbalpenedes.com\/web\/wp-json\/wp\/v2\/media\/25934"}],"wp:attachment":[{"href":"https:\/\/bisbalpenedes.com\/web\/wp-json\/wp\/v2\/media?parent=25933"}],"wp:term":[{"taxonomy":"category","embeddable":true,"href":"https:\/\/bisbalpenedes.com\/web\/wp-json\/wp\/v2\/categories?post=25933"},{"taxonomy":"post_tag","embeddable":true,"href":"https:\/\/bisbalpenedes.com\/web\/wp-json\/wp\/v2\/tags?post=25933"}],"curies":[{"name":"wp","href":"https:\/\/api.w.org\/{rel}","templated":true}]}}