{"id":25929,"date":"2023-06-14T18:35:16","date_gmt":"2023-06-14T16:35:16","guid":{"rendered":"https:\/\/bisbalpenedes.com\/web\/?p=25929"},"modified":"2023-06-15T19:56:55","modified_gmt":"2023-06-15T17:56:55","slug":"avui-dimecres-14-de-juny-sha-celebrat-el-darrer-ple-extraordinari-del-mandat-2019-2023","status":"publish","type":"post","link":"https:\/\/bisbalpenedes.com\/web\/2023\/06\/14\/avui-dimecres-14-de-juny-sha-celebrat-el-darrer-ple-extraordinari-del-mandat-2019-2023\/","title":{"rendered":"<strong>Avui dimecres 14 de juny s\u2019ha celebrat el darrer Ple extraordinari del mandat 2019-2023<\/strong>"},"content":{"rendered":"\n<figure class=\"wp-block-embed is-type-video is-provider-youtube wp-block-embed-youtube wp-embed-aspect-16-9 wp-has-aspect-ratio\"><div class=\"wp-block-embed__wrapper\">\n<iframe loading=\"lazy\" title=\"Ajuntament de la Bisbal del Pened\u00e8s. Ple extraordinari de 14 de juny de 2023\" width=\"1170\" height=\"658\" src=\"https:\/\/www.youtube.com\/embed\/GrX5kg0WyoA?feature=oembed\" frameborder=\"0\" allow=\"accelerometer; autoplay; clipboard-write; encrypted-media; gyroscope; picture-in-picture; web-share\" allowfullscreen><\/iframe>\n<\/div><\/figure>\n\n\n\n<p>Avui dimecres 14 de juny, a les 10h, s&#8217;ha celebrat el darrer Ple extraordinari del mandat a l\u2019Ajuntament de la Bisbal del Pened\u00e8s.<\/p>\n\n\n\n<p>El Ple ha aprovat per unanimitat les actes del Ple ordinari del 20 de mar\u00e7, del Ple extraordinari del 3 d\u2019abril, del Ple extraordinari del 2 de maig i del Ple extraordinari del 25 de maig.<\/p>\n\n\n\n<p>Els regidors sortints Leo Uceda i F\u00e8lix Villaz\u00e1n (Comprom\u00eds amb la Bisbal), Jos\u00e9 Maria Cuadros (PSC) i Xavier Faura (Units per la Bisbal-FIC) han adre\u00e7at unes paraules de comiat al Ple i, tot seguit, s&#8217;ha aixecat la sessi\u00f3.<\/p>\n\n\n\n<hr class=\"wp-block-separator has-alpha-channel-opacity\"\/>\n\n\n\n<p><strong>CASTELLANO |<\/strong> Hoy mi\u00e9rcoles 14 de junio, a las 10h, se ha celebrado el \u00faltimo Pleno extraordinario del mandato en el Ayuntamiento de la Bisbal del Pened\u00e8s.<\/p>\n\n\n\n<p>El Pleno ha aprobado por unanimidad las actas del Pleno ordinario del 20 de marzo, del Pleno extraordinario del 3 de abril, del Pleno extraordinario del 2 de mayo y del Pleno extraordinario del 25 de mayo.<\/p>\n\n\n\n<p>Los concejales salientes Leo Uceda y F\u00e8lix Villaz\u00e1n (Comprom\u00eds amb la Bisbal), Jos\u00e9 Maria Cuadros (PSC) y Xavier Faura (Units per la Bisbal-FIC) han dirigido unas palabras de despedida al Pleno y, acto seguido, se ha levantado la sesi\u00f3n.<\/p>\n","protected":false},"excerpt":{"rendered":"<p>Avui dimecres 14 de juny, a les 10h, s&#8217;ha celebrat el darrer Ple extraordinari del mandat a l\u2019Ajuntament de la Bisbal del Pened\u00e8s. El Ple ha aprovat per unanimitat les &hellip; <a href=\"https:\/\/bisbalpenedes.com\/web\/2023\/06\/14\/avui-dimecres-14-de-juny-sha-celebrat-el-darrer-ple-extraordinari-del-mandat-2019-2023\/\" class=\"more-link\">Read More<\/a><\/p>\n","protected":false},"author":4,"featured_media":25930,"comment_status":"closed","ping_status":"closed","sticky":false,"template":"","format":"standard","meta":[],"categories":[8,2250],"tags":[459,393,3138,1374,423,6042],"_links":{"self":[{"href":"https:\/\/bisbalpenedes.com\/web\/wp-json\/wp\/v2\/posts\/25929"}],"collection":[{"href":"https:\/\/bisbalpenedes.com\/web\/wp-json\/wp\/v2\/posts"}],"about":[{"href":"https:\/\/bisbalpenedes.com\/web\/wp-json\/wp\/v2\/types\/post"}],"author":[{"embeddable":true,"href":"https:\/\/bisbalpenedes.com\/web\/wp-json\/wp\/v2\/users\/4"}],"replies":[{"embeddable":true,"href":"https:\/\/bisbalpenedes.com\/web\/wp-json\/wp\/v2\/comments?post=25929"}],"version-history":[{"count":2,"href":"https:\/\/bisbalpenedes.com\/web\/wp-json\/wp\/v2\/posts\/25929\/revisions"}],"predecessor-version":[{"id":25961,"href":"https:\/\/bisbalpenedes.com\/web\/wp-json\/wp\/v2\/posts\/25929\/revisions\/25961"}],"wp:featuredmedia":[{"embeddable":true,"href":"https:\/\/bisbalpenedes.com\/web\/wp-json\/wp\/v2\/media\/25930"}],"wp:attachment":[{"href":"https:\/\/bisbalpenedes.com\/web\/wp-json\/wp\/v2\/media?parent=25929"}],"wp:term":[{"taxonomy":"category","embeddable":true,"href":"https:\/\/bisbalpenedes.com\/web\/wp-json\/wp\/v2\/categories?post=25929"},{"taxonomy":"post_tag","embeddable":true,"href":"https:\/\/bisbalpenedes.com\/web\/wp-json\/wp\/v2\/tags?post=25929"}],"curies":[{"name":"wp","href":"https:\/\/api.w.org\/{rel}","templated":true}]}}