{"id":25927,"date":"2023-06-14T18:19:20","date_gmt":"2023-06-14T16:19:20","guid":{"rendered":"https:\/\/bisbalpenedes.com\/web\/?p=25927"},"modified":"2023-06-14T18:19:20","modified_gmt":"2023-06-14T16:19:20","slug":"el-proper-dissabte-17-de-juny-tindra-lloc-el-ple-extraordinari-de-constitucio-de-la-nova-corporacio-municipal","status":"publish","type":"post","link":"https:\/\/bisbalpenedes.com\/web\/2023\/06\/14\/el-proper-dissabte-17-de-juny-tindra-lloc-el-ple-extraordinari-de-constitucio-de-la-nova-corporacio-municipal\/","title":{"rendered":"<strong>El proper dissabte 17 de juny tindr\u00e0 lloc el Ple extraordinari de constituci\u00f3 de la nova Corporaci\u00f3 municipal<\/strong>"},"content":{"rendered":"\n<p>El proper dissabte 17 de juny, a les 12h, tindr\u00e0 lloc el Ple extraordinari de constituci\u00f3 de la nova corporaci\u00f3 municipal i d\u2019elecci\u00f3 de l\u2019alcalde\/essa i, per tant, s\u2019oficialitzar\u00e0 el nou equip de govern sorgit del resultat de les eleccions del passat 28 de maig.<\/p>\n\n\n\n<p>El Ple estar\u00e0 format per 5 regidors de Comprom\u00eds per la Bisbal-Ara pacte Local; 2 regidors de La Bisbal Decideix-Comprom\u00eds Municipal (CM); 2 regidors de Tots som la Bisbal (TSB)-Urbanizaciones Unidas, 1 regidor del PSC-CP; i 1 regidora d\u2019ERC-AM. L\u2019ordre del dia ser\u00e0 aquest:<\/p>\n\n\n\n<p>1.-Constituci\u00f3 de la mesa d&#8217;edat<br>2.-Presa de possessi\u00f3 dels c\u00e0rrecs electes<br>3.-Constituci\u00f3 de la corporaci\u00f3<br>4.-Donar compte de l&#8217;acta d&#8217;arqueig<br>5.-Donar compte de l&#8217;inventari de b\u00e9ns<br>6.-Elecci\u00f3 de l&#8217;Alcalde\/essa<br>7.-Torn d&#8217;intervencions dels caps de llista<\/p>\n\n\n\n<p>La Secret\u00e0ria de la Corporaci\u00f3 ha convocat els c\u00e0rrecs electes entrants a una reuni\u00f3 pr\u00e8via amb l\u2019objectiu de tractar el desenvolupament de la sessi\u00f3 constitutiva, complint aix\u00ed amb l\u2019article 9 del ROM (Reglament d\u2019Organitzaci\u00f3 Municipal). En aquesta reuni\u00f3 se\u2019ls entregar\u00e0 (als alts c\u00e0rrecs entrants) el ROM de l\u2019Ajuntament de la Bisbal del Pened\u00e8s, el Codi de conducta dels alts c\u00e0rrecs de l\u2019Ajuntament de la Bisbal del Pened\u00e8s i un breu protocol de la sessi\u00f3 plen\u00e0ria del dissabte 17 de juny.<\/p>\n\n\n\n<hr class=\"wp-block-separator has-alpha-channel-opacity\"\/>\n\n\n\n<p><strong>CASTELLANO |\u00a0<\/strong>El pr\u00f3ximo s\u00e1bado 17 de junio, a las 12h, tendr\u00e1 lugar el Pleno extraordinario de constituci\u00f3n de la nueva corporaci\u00f3n municipal y de elecci\u00f3n del alcalde\/sa y, por tanto, se oficializar\u00e1 el nuevo equipo de gobierno surgido del resultado de las elecciones del pasado 28 de mayo.<\/p>\n\n\n\n<p>El Pleno estar\u00e1 formado por 5 concejales de Comprom\u00eds per la Bisbal-Ara pacte Local; 2 concejales de La Bisbal Decideix-Comprom\u00eds Municipal (CM); 2 concejales de Tots som la Bisbal (TSB)-Urbanizaciones Unidas; \u00a01 concejal del PSC-CP; y 1 concejala de ERC-AM.<\/p>\n\n\n\n<p>El orden del d\u00eda ser\u00e1 este.<\/p>\n\n\n\n<p>1.-Constituci\u00f3n de la mesa de edad.<\/p>\n\n\n\n<p>2.-Toma de posesi\u00f3n de los cargos electos.<\/p>\n\n\n\n<p>3.-Constituci\u00f3n de la corporaci\u00f3n.<\/p>\n\n\n\n<p>4.-Dar cuenta del acta de arqueo.<\/p>\n\n\n\n<p>5.-Dar cuenta del inventario de bienes.<\/p>\n\n\n\n<p>6.-Elecci\u00f3n delAlcalde\/sa<\/p>\n\n\n\n<p>7.-Turno de intervenciones de los cabezas de lista.<\/p>\n\n\n\n<p>La Secretaria de la Corporaci\u00f3n ha convocado los cargos electos entrantes a una reuni\u00f3n previa con el objetivo de tratar el desarrollo de la sesi\u00f3n constitutiva, cumpliendo as\u00ed con el art\u00edculo 9 del ROM (Reglamento de Organizaci\u00f3n Municipal). En esta reuni\u00f3n se les entregar\u00e1 (a los altos cargos entrantes) el ROM del Ayuntamiento de la Bisbal del Pened\u00e8s, el C\u00f3digo de conducta de los altos cargos del Ayuntamiento de la Bisbal del Pened\u00e8s y un breve protocolo de la sesi\u00f3n plenaria del s\u00e1bado 17 de junio.<\/p>\n\n\n\n<p><\/p>\n\n\n\n<p><\/p>\n\n\n\n<p><\/p>\n","protected":false},"excerpt":{"rendered":"<p>El proper dissabte 17 de juny, a les 12h, tindr\u00e0 lloc el Ple extraordinari de constituci\u00f3 de la nova corporaci\u00f3 municipal i d\u2019elecci\u00f3 de l\u2019alcalde\/essa i, per tant, s\u2019oficialitzar\u00e0 el &hellip; <a href=\"https:\/\/bisbalpenedes.com\/web\/2023\/06\/14\/el-proper-dissabte-17-de-juny-tindra-lloc-el-ple-extraordinari-de-constitucio-de-la-nova-corporacio-municipal\/\" class=\"more-link\">Read More<\/a><\/p>\n","protected":false},"author":4,"featured_media":20647,"comment_status":"closed","ping_status":"closed","sticky":false,"template":"","format":"standard","meta":[],"categories":[8,2250],"tags":[6052,6049,6051,6002,1091,393,6050,798,139],"_links":{"self":[{"href":"https:\/\/bisbalpenedes.com\/web\/wp-json\/wp\/v2\/posts\/25927"}],"collection":[{"href":"https:\/\/bisbalpenedes.com\/web\/wp-json\/wp\/v2\/posts"}],"about":[{"href":"https:\/\/bisbalpenedes.com\/web\/wp-json\/wp\/v2\/types\/post"}],"author":[{"embeddable":true,"href":"https:\/\/bisbalpenedes.com\/web\/wp-json\/wp\/v2\/users\/4"}],"replies":[{"embeddable":true,"href":"https:\/\/bisbalpenedes.com\/web\/wp-json\/wp\/v2\/comments?post=25927"}],"version-history":[{"count":1,"href":"https:\/\/bisbalpenedes.com\/web\/wp-json\/wp\/v2\/posts\/25927\/revisions"}],"predecessor-version":[{"id":25928,"href":"https:\/\/bisbalpenedes.com\/web\/wp-json\/wp\/v2\/posts\/25927\/revisions\/25928"}],"wp:featuredmedia":[{"embeddable":true,"href":"https:\/\/bisbalpenedes.com\/web\/wp-json\/wp\/v2\/media\/20647"}],"wp:attachment":[{"href":"https:\/\/bisbalpenedes.com\/web\/wp-json\/wp\/v2\/media?parent=25927"}],"wp:term":[{"taxonomy":"category","embeddable":true,"href":"https:\/\/bisbalpenedes.com\/web\/wp-json\/wp\/v2\/categories?post=25927"},{"taxonomy":"post_tag","embeddable":true,"href":"https:\/\/bisbalpenedes.com\/web\/wp-json\/wp\/v2\/tags?post=25927"}],"curies":[{"name":"wp","href":"https:\/\/api.w.org\/{rel}","templated":true}]}}