{"id":25909,"date":"2023-06-09T14:21:47","date_gmt":"2023-06-09T12:21:47","guid":{"rendered":"https:\/\/bisbalpenedes.com\/web\/?p=25909"},"modified":"2023-06-09T14:21:47","modified_gmt":"2023-06-09T12:21:47","slug":"els-bisbalencs-josep-martinez-i-alfredo-juan-son-subcampions-de-catalunya-de-dobles-de-tennis-taula-el-josep-tambe-sha-proclamat-campio-de-catalunya-en-la-categria-65-individual","status":"publish","type":"post","link":"https:\/\/bisbalpenedes.com\/web\/2023\/06\/09\/els-bisbalencs-josep-martinez-i-alfredo-juan-son-subcampions-de-catalunya-de-dobles-de-tennis-taula-el-josep-tambe-sha-proclamat-campio-de-catalunya-en-la-categria-65-individual\/","title":{"rendered":"Els bisbalencs Josep Mart\u00ednez i Alfredo Juan s\u00f3n subcampions de Catalunya de dobles de tennis taula &#8211; El Josep tamb\u00e9 s&#8217;ha proclamat campi\u00f3 de Catalunya en la categria 65 individual"},"content":{"rendered":"\n<p>Aquest dijous l&#8217;alcaldessa Agn\u00e8s Ferr\u00e9 i la regidora d&#8217;Esports, Leo Uceda, han rebut els bisbalencs Josep Mart\u00ednez i Alfredo Juan al despatx d&#8217;alcaldia per felicitar-los personalment per les seves \u00faltimes fites en tennis de taula: ambd\u00f3s juguen al CTT Vilafranca i s\u00f3n subcampions de Catalunya en dobles i el Josep, a m\u00e9s, \u00e9s campi\u00f3 de Catalunya en la categoria 65 individual.&nbsp;<\/p>\n\n\n\n<p>Aprofitem per felicitar-los tamb\u00e9 des d&#8217;aqu\u00ed i per desitjar-los molta sort en les properes competicions que disputaran.<\/p>\n\n\n\n<hr class=\"wp-block-separator has-alpha-channel-opacity\"\/>\n\n\n\n<p><strong>CASTELLANO | <\/strong>Este jueves la alcaldesa Agn\u00e8s Ferr\u00e9 y la concejala de Deportes, Leo Uceda, han recibido a los bisbalencs Josep Mart\u00ednez y Alfredo Juan en el despacho de alcald\u00eda para felicitarlos personalmente por sus \u00faltimos logros en tenis de mesa: ambos juegan en el CTT Vilafranca y son subcampeones de Catalu\u00f1a en dobles y Josep, adem\u00e1s, es campe\u00f3n de Catalu\u00f1a en la categor\u00eda 65 individual.\u00a0<\/p>\n\n\n\n<p>Aprovechamos para felicitarlos tambi\u00e9n desde aqu\u00ed y para desearles mucha suerte en las pr\u00f3ximas competiciones que disputar\u00e1n.<\/p>\n","protected":false},"excerpt":{"rendered":"<p>Aquest dijous l&#8217;alcaldessa Agn\u00e8s Ferr\u00e9 i la regidora d&#8217;Esports, Leo Uceda, han rebut els bisbalencs Josep Mart\u00ednez i Alfredo Juan al despatx d&#8217;alcaldia per felicitar-los personalment per les seves \u00faltimes &hellip; <a href=\"https:\/\/bisbalpenedes.com\/web\/2023\/06\/09\/els-bisbalencs-josep-martinez-i-alfredo-juan-son-subcampions-de-catalunya-de-dobles-de-tennis-taula-el-josep-tambe-sha-proclamat-campio-de-catalunya-en-la-categria-65-individual\/\" class=\"more-link\">Read More<\/a><\/p>\n","protected":false},"author":4,"featured_media":25910,"comment_status":"closed","ping_status":"closed","sticky":false,"template":"","format":"standard","meta":[],"categories":[19,8],"tags":[459,4920,393,1374,1962],"_links":{"self":[{"href":"https:\/\/bisbalpenedes.com\/web\/wp-json\/wp\/v2\/posts\/25909"}],"collection":[{"href":"https:\/\/bisbalpenedes.com\/web\/wp-json\/wp\/v2\/posts"}],"about":[{"href":"https:\/\/bisbalpenedes.com\/web\/wp-json\/wp\/v2\/types\/post"}],"author":[{"embeddable":true,"href":"https:\/\/bisbalpenedes.com\/web\/wp-json\/wp\/v2\/users\/4"}],"replies":[{"embeddable":true,"href":"https:\/\/bisbalpenedes.com\/web\/wp-json\/wp\/v2\/comments?post=25909"}],"version-history":[{"count":1,"href":"https:\/\/bisbalpenedes.com\/web\/wp-json\/wp\/v2\/posts\/25909\/revisions"}],"predecessor-version":[{"id":25911,"href":"https:\/\/bisbalpenedes.com\/web\/wp-json\/wp\/v2\/posts\/25909\/revisions\/25911"}],"wp:featuredmedia":[{"embeddable":true,"href":"https:\/\/bisbalpenedes.com\/web\/wp-json\/wp\/v2\/media\/25910"}],"wp:attachment":[{"href":"https:\/\/bisbalpenedes.com\/web\/wp-json\/wp\/v2\/media?parent=25909"}],"wp:term":[{"taxonomy":"category","embeddable":true,"href":"https:\/\/bisbalpenedes.com\/web\/wp-json\/wp\/v2\/categories?post=25909"},{"taxonomy":"post_tag","embeddable":true,"href":"https:\/\/bisbalpenedes.com\/web\/wp-json\/wp\/v2\/tags?post=25909"}],"curies":[{"name":"wp","href":"https:\/\/api.w.org\/{rel}","templated":true}]}}