{"id":25901,"date":"2023-06-09T13:15:29","date_gmt":"2023-06-09T11:15:29","guid":{"rendered":"https:\/\/bisbalpenedes.com\/web\/?p=25901"},"modified":"2023-06-09T13:15:29","modified_gmt":"2023-06-09T11:15:29","slug":"els-dissabtes-17-de-juny-i-1-de-juliol-podreu-vacunar-els-vostres-gossos-a-la-bisbal-del-penedes","status":"publish","type":"post","link":"https:\/\/bisbalpenedes.com\/web\/2023\/06\/09\/els-dissabtes-17-de-juny-i-1-de-juliol-podreu-vacunar-els-vostres-gossos-a-la-bisbal-del-penedes\/","title":{"rendered":"Els dissabtes 17 de juny i 1 de juliol podreu vacunar els vostres gossos a la Bisbal del Pened\u00e8s"},"content":{"rendered":"\n<p>El 17 de juny i l&#8217;1 de juliol es dur\u00e0 a terme la campanya de vacunaci\u00f3 de gossos a la Bisbal. La vacunaci\u00f3 ser\u00e0 de la r\u00e0bia i\/o polivalent i anir\u00e0 a c\u00e0rrec d\u2019un veterinari del Col\u00b7legi Oficial de Veterinaris de la prov\u00edncia de Tarragona, que cobrar\u00e0 les taxes pertinents. Cal que\u00a0presenteu la cartilla de vacunacions (si en disposeu). Les vacunes es posaran els seg\u00fcents dies i llocs:<\/p>\n\n\n\n<p><br><strong>Dissabte 17 de juny de 2023:<\/strong><\/p>\n\n\n\n<p>De 9.00 a 9.30h a la Pl. Pau Casals (la pista) del nucli de La Bisbal<\/p>\n\n\n\n<p>De 9.45 a 10.15h davant del Local Social del Priorat de la Bisbal<\/p>\n\n\n\n<p><br><strong>Dissabte 1 de juliol de 2023:<\/strong><\/p>\n\n\n\n<p>De 10.00 a 10.30h al Local Social de Can Gordei (Avda. Can Gordei)<\/p>\n\n\n\n<p>De 10.30h a 11.00h al Local Social de l\u2019Esplai (Avda. Esplai)<\/p>\n\n\n\n<p>De 11.00h a 11.30h a la Pla\u00e7a de la Masieta<\/p>\n\n\n\n<p>De 11.30h a 12.00h al local social de La Miralba (carrer Gladiol)<\/p>\n\n\n\n<hr class=\"wp-block-separator has-alpha-channel-opacity\"\/>\n\n\n\n<p><strong>CASTELLANO<\/strong>\u00a0| El 17 de junio y el 1 de julio se llevar\u00e1 a cabo la campa\u00f1a de vacunaci\u00f3n de perros en la Bisbal. La vacunaci\u00f3n ser\u00e1 de la rabia y\/o polivalente e ir\u00e1 a cargo de un veterinario del Col\u00b7legi Oficial de Veterinaris de la provincia de Tarragona, que cobrar\u00e1 las tasas pertinentes. Deb\u00e9is presentar la cartilla de vacunas (si dispon\u00e9is de ella). Las vacunas se pondr\u00e1n en los siguientes lugares y fechas:<\/p>\n\n\n\n<p><br><strong>S\u00e1bado 17 de junio del 2023:<\/strong><\/p>\n\n\n\n<p>De 9.00 a 9.30h en la Pl. Pau Casals (la pista) de la Bisbal<\/p>\n\n\n\n<p>De 9.45 a 10.15h delante del Local Social del Priorat de la Bisbal<\/p>\n\n\n\n<p><br><strong>S\u00e1bado 1 de julio del 2023:<\/strong><\/p>\n\n\n\n<p>De 10.00 a 10.30h en el Local Social de Can Gordei (Avda. Can Gordei)<\/p>\n\n\n\n<p>De 10.30h a 11.00h en el Local Social de l\u2019Esplai (Avda. Esplai)<\/p>\n\n\n\n<p>De 11.00h a 11.30h en la plaza de La Masieta<\/p>\n\n\n\n<p>De 11.30h a 12.00h en el local social de La Miralba (carrer Gladiol)<\/p>\n","protected":false},"excerpt":{"rendered":"<p>El 17 de juny i l&#8217;1 de juliol es dur\u00e0 a terme la campanya de vacunaci\u00f3 de gossos a la Bisbal. La vacunaci\u00f3 ser\u00e0 de la r\u00e0bia i\/o polivalent i &hellip; <a href=\"https:\/\/bisbalpenedes.com\/web\/2023\/06\/09\/els-dissabtes-17-de-juny-i-1-de-juliol-podreu-vacunar-els-vostres-gossos-a-la-bisbal-del-penedes\/\" class=\"more-link\">Read More<\/a><\/p>\n","protected":false},"author":4,"featured_media":25902,"comment_status":"closed","ping_status":"closed","sticky":false,"template":"","format":"standard","meta":[],"categories":[8,14],"tags":[459,435,393,145,4121,437],"_links":{"self":[{"href":"https:\/\/bisbalpenedes.com\/web\/wp-json\/wp\/v2\/posts\/25901"}],"collection":[{"href":"https:\/\/bisbalpenedes.com\/web\/wp-json\/wp\/v2\/posts"}],"about":[{"href":"https:\/\/bisbalpenedes.com\/web\/wp-json\/wp\/v2\/types\/post"}],"author":[{"embeddable":true,"href":"https:\/\/bisbalpenedes.com\/web\/wp-json\/wp\/v2\/users\/4"}],"replies":[{"embeddable":true,"href":"https:\/\/bisbalpenedes.com\/web\/wp-json\/wp\/v2\/comments?post=25901"}],"version-history":[{"count":1,"href":"https:\/\/bisbalpenedes.com\/web\/wp-json\/wp\/v2\/posts\/25901\/revisions"}],"predecessor-version":[{"id":25903,"href":"https:\/\/bisbalpenedes.com\/web\/wp-json\/wp\/v2\/posts\/25901\/revisions\/25903"}],"wp:featuredmedia":[{"embeddable":true,"href":"https:\/\/bisbalpenedes.com\/web\/wp-json\/wp\/v2\/media\/25902"}],"wp:attachment":[{"href":"https:\/\/bisbalpenedes.com\/web\/wp-json\/wp\/v2\/media?parent=25901"}],"wp:term":[{"taxonomy":"category","embeddable":true,"href":"https:\/\/bisbalpenedes.com\/web\/wp-json\/wp\/v2\/categories?post=25901"},{"taxonomy":"post_tag","embeddable":true,"href":"https:\/\/bisbalpenedes.com\/web\/wp-json\/wp\/v2\/tags?post=25901"}],"curies":[{"name":"wp","href":"https:\/\/api.w.org\/{rel}","templated":true}]}}