{"id":2589,"date":"2017-06-10T16:14:24","date_gmt":"2017-06-10T10:14:24","guid":{"rendered":"http:\/\/bisbalpenedes.com\/web\/?p=2589"},"modified":"2017-06-11T13:44:18","modified_gmt":"2017-06-11T07:44:18","slug":"els-veins-de-la-bisbal-triaran-les-destinacions-duna-part-del-pressupost-de-lany-2018","status":"publish","type":"post","link":"https:\/\/bisbalpenedes.com\/web\/2017\/06\/10\/els-veins-de-la-bisbal-triaran-les-destinacions-duna-part-del-pressupost-de-lany-2018\/","title":{"rendered":"Els ve\u00efns de La Bisbal triaran les destinacions d&#8217;una part del pressupost de l&#8217;any 2018"},"content":{"rendered":"<p><a href=\"http:\/\/bisbalpenedes.com\/web\/wp-content\/uploads\/2017\/06\/POSTER-PROCES-PARTICIPATIU-2017-def.jpg\"><img loading=\"lazy\" class=\"aligncenter size-medium wp-image-2590\" title=\"POSTER-PROCES-PARTICIPATIU-2017-def\" src=\"http:\/\/bisbalpenedes.com\/web\/wp-content\/uploads\/2017\/06\/POSTER-PROCES-PARTICIPATIU-2017-def-206x300.jpg\" alt=\"\" width=\"206\" height=\"300\" srcset=\"https:\/\/bisbalpenedes.com\/web\/wp-content\/uploads\/2017\/06\/POSTER-PROCES-PARTICIPATIU-2017-def-206x300.jpg 206w, https:\/\/bisbalpenedes.com\/web\/wp-content\/uploads\/2017\/06\/POSTER-PROCES-PARTICIPATIU-2017-def-600x870.jpg 600w, https:\/\/bisbalpenedes.com\/web\/wp-content\/uploads\/2017\/06\/POSTER-PROCES-PARTICIPATIU-2017-def-706x1024.jpg 706w, https:\/\/bisbalpenedes.com\/web\/wp-content\/uploads\/2017\/06\/POSTER-PROCES-PARTICIPATIU-2017-def-scaled.jpg 1765w\" sizes=\"(max-width: 206px) 100vw, 206px\" \/><\/a><\/p>\n<p>L\u2019Ajuntament de La Bisbal del Pened\u00e8s t\u00e9 previst dur a terme un proc\u00e9s participatiu sobre una part del pressupost municipal de l\u2019any 2018. Aquest proc\u00e9s participatiu es far\u00e0 a la tardor i pr\u00f2ximament s\u2019oferiran reunions informatives en diversos punts de municipi amb la finalitat d\u2019explicar-vos com es far\u00e0 i animar-vos, als bisbalencs i les bisbalenques, a participar-hi.<\/p>\n<p>Totes les reunions informatives tindran lloc a les 19h i s\u00f3n obertes a tota la poblaci\u00f3, independentment de la vostra zona de resid\u00e8ncia al municipi. S\u2019efectuaran en les seg\u00fcents dates i llocs:<\/p>\n<p>-Dilluns 12 de juny al local del Papagai<\/p>\n<p>-Dimarts 13 de juny al nucli, al Centre Municipal de Cultura (CMC)<\/p>\n<p>-Dimecres 14 de juny, al local de l\u2019Esplai<\/p>\n<p>-Dijous 15 de juny, al local del Priorat de La Bisbal<\/p>\n<p>-Divendres 16 de juny, al local de Can Gordei<\/p>\n<p>L\u2019empresa Limonium \u00e9s qui explicar\u00e0, en aquestes reunions, qu\u00e8 \u00e9s un pressupost participatiu i com s\u2019estructura. En totes les reunions es donar\u00e0 la mateixa informaci\u00f3 i es faran diverses reunions per facilitar l\u2019assist\u00e8ncia. En aquestes reunions es far\u00e0 p\u00fablic l\u2019import global de la partida del pressupost 2018 del proc\u00e9s participatiu i com es desglossa per a cada nucli.<\/p>\n<p>Despr\u00e9s, a la tardor, les reunions seran espec\u00edfiques per a cada nucli, on es faran diverses reunions perqu\u00e8 els ve\u00efns destinin els diners a un projecte concret.<\/p>\n","protected":false},"excerpt":{"rendered":"<p>L\u2019Ajuntament de La Bisbal del Pened\u00e8s t\u00e9 previst dur a terme un proc\u00e9s participatiu sobre una part del pressupost municipal de l\u2019any 2018. Aquest proc\u00e9s participatiu es far\u00e0 a la &hellip; <a href=\"https:\/\/bisbalpenedes.com\/web\/2017\/06\/10\/els-veins-de-la-bisbal-triaran-les-destinacions-duna-part-del-pressupost-de-lany-2018\/\" class=\"more-link\">Read More<\/a><\/p>\n","protected":false},"author":4,"featured_media":2590,"comment_status":"closed","ping_status":"closed","sticky":false,"template":"","format":"standard","meta":[],"categories":[4],"tags":[518,216,198,276,24,516,515,520,517,519],"_links":{"self":[{"href":"https:\/\/bisbalpenedes.com\/web\/wp-json\/wp\/v2\/posts\/2589"}],"collection":[{"href":"https:\/\/bisbalpenedes.com\/web\/wp-json\/wp\/v2\/posts"}],"about":[{"href":"https:\/\/bisbalpenedes.com\/web\/wp-json\/wp\/v2\/types\/post"}],"author":[{"embeddable":true,"href":"https:\/\/bisbalpenedes.com\/web\/wp-json\/wp\/v2\/users\/4"}],"replies":[{"embeddable":true,"href":"https:\/\/bisbalpenedes.com\/web\/wp-json\/wp\/v2\/comments?post=2589"}],"version-history":[{"count":3,"href":"https:\/\/bisbalpenedes.com\/web\/wp-json\/wp\/v2\/posts\/2589\/revisions"}],"predecessor-version":[{"id":2592,"href":"https:\/\/bisbalpenedes.com\/web\/wp-json\/wp\/v2\/posts\/2589\/revisions\/2592"}],"wp:featuredmedia":[{"embeddable":true,"href":"https:\/\/bisbalpenedes.com\/web\/wp-json\/wp\/v2\/media\/2590"}],"wp:attachment":[{"href":"https:\/\/bisbalpenedes.com\/web\/wp-json\/wp\/v2\/media?parent=2589"}],"wp:term":[{"taxonomy":"category","embeddable":true,"href":"https:\/\/bisbalpenedes.com\/web\/wp-json\/wp\/v2\/categories?post=2589"},{"taxonomy":"post_tag","embeddable":true,"href":"https:\/\/bisbalpenedes.com\/web\/wp-json\/wp\/v2\/tags?post=2589"}],"curies":[{"name":"wp","href":"https:\/\/api.w.org\/{rel}","templated":true}]}}