{"id":25889,"date":"2023-06-09T12:40:03","date_gmt":"2023-06-09T10:40:03","guid":{"rendered":"https:\/\/bisbalpenedes.com\/web\/?p=25889"},"modified":"2023-06-09T12:40:03","modified_gmt":"2023-06-09T10:40:03","slug":"el-dilluns-12-de-juny-se-celebrara-una-junta-de-govern-local-amb-tres-propostes-amb-competencia-delegada-del-ple","status":"publish","type":"post","link":"https:\/\/bisbalpenedes.com\/web\/2023\/06\/09\/el-dilluns-12-de-juny-se-celebrara-una-junta-de-govern-local-amb-tres-propostes-amb-competencia-delegada-del-ple\/","title":{"rendered":"<strong>El dilluns 12 de juny se celebrar\u00e0 una Junta de Govern Local amb tres propostes amb compet\u00e8ncia delegada del Ple<\/strong>"},"content":{"rendered":"\n<p>El proper dilluns 12 de juny se celebrar\u00e0 una Junta de Govern local a l\u2019Ajuntament de la Bisbal del Pened\u00e8s i l\u2019ordre del dia cont\u00e9 tres propostes amb compet\u00e8ncia del Ple delegada a la Junta de Govern mitjan\u00e7ant acord plenari del 4 de juliol de 2019. S\u00f3n els seg\u00fcents:<\/p>\n\n\n\n<ul><li>Expedient 574\/2023 certificaci\u00f3 n\u00famero 3 de les obres de construcci\u00f3 i rehabilitaci\u00f3 de la fassina.<\/li><\/ul>\n\n\n\n<ul><li>Expedient 206\/2023 certificaci\u00f3 n\u00famero 4 de les obres de la fase 1 del poliesportiu municipal.<\/li><\/ul>\n\n\n\n<ul><li>Expedient 206\/2023 certificaci\u00f3 n\u00famero 5 de les obres de la fase 1 del poliesportiu municipal.<\/li><\/ul>\n\n\n\n<p>Les sessions de la Junta de Govern Local no s\u00f3n p\u00fabliques, per\u00f2 quan actua amb compet\u00e8ncies delegades del Ple la Sessi\u00f3 se sotmet als mateixos requisits de publicitat que les sessions del Ple, que s\u00f3n p\u00fabliques. Aix\u00ed ho va declarar la STS 161\/2013, de 26 de setembre. Per aquest motiu, les portes de la sala de Plens s\u2019obriran a les 19:15h per tal que hi pugui assistir p\u00fablic i tamb\u00e9 es gravaran aquests punts de l\u2019ordre del dia i, posteriorment, es publicar\u00e0 el v\u00eddeo a Youtube per garantir la seva publicitat. L\u2019alcaldessa de la Bisbal del Pened\u00e8s, Agn\u00e8s Ferr\u00e9, ha fet arribar la informaci\u00f3 sobre aquestes propostes a les regidores i regidors de l\u2019oposici\u00f3.<\/p>\n\n\n\n<hr class=\"wp-block-separator has-alpha-channel-opacity\"\/>\n\n\n\n<p><strong>CASTELLANO |<\/strong> El pr\u00f3ximo lunes 12 de junio se celebrar\u00e1 una Junta de Gobierno local en el Ayuntamiento de la Bisbal del Pened\u00e8s y el orden del d\u00eda contiene tres propuestas con competencia del Pleno delegada a la Junta de Gobierno mediante acuerdo plenario del 4 de julio del 2019. Son las siguientes:<\/p>\n\n\n\n<ul><li>Expediente 574\/2023 certificaci\u00f3n n\u00famero 3 de las obras de construcci\u00f3n y rehabilitaci\u00f3n de la <em>fassina.<\/em><\/li><\/ul>\n\n\n\n<ul><li>Expediente 206\/2023 certificaci\u00f3n n\u00famero 4 de las obras de la fase 1 del polideportivo municipal.<\/li><\/ul>\n\n\n\n<ul><li>Expediente 206\/2023 certificaci\u00f3n n\u00famero 5 de las obras de la fase 1 del polideportivo municipal.<\/li><\/ul>\n\n\n\n<p>Las sesiones de la Junta de Gobierno Local no son p\u00fablicas, pero cuando act\u00faa con competencias delegadas del Pleno la sesi\u00f3n se somete a los mismos requisitos de publicidad que las sesiones del Pleno, que son p\u00fablicas. As\u00ed lo declar\u00f3 la STS 161\/2013, del 26 de septiembre. Por este motivo, las puertas de la sala de Plenos se abrir\u00e1n a las 19:15h con tal que pueda asistir p\u00fablico y tambi\u00e9n se grabar\u00e1n estos puntos del orden del d\u00eda y, posteriormente, se publicar\u00e1 el v\u00eddeo en Youtube para garantizar su publicidad. La alcaldesa de la Bisbal Pened\u00e8s, Agn\u00e8s Ferr\u00e9, ha hecho llegar la informaci\u00f3n sobre estas propuestas a las concejalas y concejales de la oposici\u00f3n.<\/p>\n","protected":false},"excerpt":{"rendered":"<p>El proper dilluns 12 de juny se celebrar\u00e0 una Junta de Govern local a l\u2019Ajuntament de la Bisbal del Pened\u00e8s i l\u2019ordre del dia cont\u00e9 tres propostes amb compet\u00e8ncia del &hellip; <a href=\"https:\/\/bisbalpenedes.com\/web\/2023\/06\/09\/el-dilluns-12-de-juny-se-celebrara-una-junta-de-govern-local-amb-tres-propostes-amb-competencia-delegada-del-ple\/\" class=\"more-link\">Read More<\/a><\/p>\n","protected":false},"author":4,"featured_media":23405,"comment_status":"closed","ping_status":"closed","sticky":false,"template":"","format":"standard","meta":[],"categories":[3085,8],"tags":[1082,686,393,3504,21,483],"_links":{"self":[{"href":"https:\/\/bisbalpenedes.com\/web\/wp-json\/wp\/v2\/posts\/25889"}],"collection":[{"href":"https:\/\/bisbalpenedes.com\/web\/wp-json\/wp\/v2\/posts"}],"about":[{"href":"https:\/\/bisbalpenedes.com\/web\/wp-json\/wp\/v2\/types\/post"}],"author":[{"embeddable":true,"href":"https:\/\/bisbalpenedes.com\/web\/wp-json\/wp\/v2\/users\/4"}],"replies":[{"embeddable":true,"href":"https:\/\/bisbalpenedes.com\/web\/wp-json\/wp\/v2\/comments?post=25889"}],"version-history":[{"count":1,"href":"https:\/\/bisbalpenedes.com\/web\/wp-json\/wp\/v2\/posts\/25889\/revisions"}],"predecessor-version":[{"id":25890,"href":"https:\/\/bisbalpenedes.com\/web\/wp-json\/wp\/v2\/posts\/25889\/revisions\/25890"}],"wp:featuredmedia":[{"embeddable":true,"href":"https:\/\/bisbalpenedes.com\/web\/wp-json\/wp\/v2\/media\/23405"}],"wp:attachment":[{"href":"https:\/\/bisbalpenedes.com\/web\/wp-json\/wp\/v2\/media?parent=25889"}],"wp:term":[{"taxonomy":"category","embeddable":true,"href":"https:\/\/bisbalpenedes.com\/web\/wp-json\/wp\/v2\/categories?post=25889"},{"taxonomy":"post_tag","embeddable":true,"href":"https:\/\/bisbalpenedes.com\/web\/wp-json\/wp\/v2\/tags?post=25889"}],"curies":[{"name":"wp","href":"https:\/\/api.w.org\/{rel}","templated":true}]}}