{"id":25885,"date":"2023-06-09T12:23:10","date_gmt":"2023-06-09T10:23:10","guid":{"rendered":"https:\/\/bisbalpenedes.com\/web\/?p=25885"},"modified":"2023-06-09T12:25:32","modified_gmt":"2023-06-09T10:25:32","slug":"el-dimecres-14-de-juny-a-les-10h-se-celebrara-un-ple-extraordinari-a-lajuntament-de-la-bisbal-del-penedes","status":"publish","type":"post","link":"https:\/\/bisbalpenedes.com\/web\/2023\/06\/09\/el-dimecres-14-de-juny-a-les-10h-se-celebrara-un-ple-extraordinari-a-lajuntament-de-la-bisbal-del-penedes\/","title":{"rendered":"El dimecres 14 de juny a les 10h se celebrar\u00e0 el darrer Ple extraordinari del mandat a l\u2019Ajuntament de la Bisbal del Pened\u00e8s"},"content":{"rendered":"\n<p>El proper dimecres 14 de juny, a les 10h, se celebrar\u00e0 el darrer Ple del mandat a l\u2019Ajuntament de la Bisbal del Pened\u00e8s. S\u2019hi tractaran els seg\u00fcents punts:<\/p>\n\n\n\n<p>1.- Acta del Ple ordinari del 20 de mar\u00e7.<\/p>\n\n\n\n<p>2.- Acta del Ple extraordinari del 3 d\u2019abril.<\/p>\n\n\n\n<p>3.- Acta del Ple extraordinari del 2 de maig.<\/p>\n\n\n\n<p>4.- Acta del Ple extraordinari del 25 de maig.<\/p>\n\n\n\n<hr class=\"wp-block-separator has-alpha-channel-opacity\"\/>\n\n\n\n<p><strong>CASTELLANO |<\/strong> El pr\u00f3ximo mi\u00e9rcoles 14 de junio, a las 10h, se celebrar\u00e1 el \u00faltimo Pleno del mandato en el Ayuntamiento de la Bisbal del Pened\u00e8s. Se tratar\u00e1n los puntos siguientes:<\/p>\n\n\n\n<p>1.- Acta del Pleno ordinario del 20 de marzo.<\/p>\n\n\n\n<p>2.- Acta del Pleno extraordinario del 3 de abril.<\/p>\n\n\n\n<p>3.- Acta del Pleno extraordinario del 2 de mayo.<\/p>\n\n\n\n<p>4.- Acta del Pleno extraordinario del 25 de mayo.<\/p>\n","protected":false},"excerpt":{"rendered":"<p>El proper dimecres 14 de juny, a les 10h, se celebrar\u00e0 el darrer Ple del mandat a l\u2019Ajuntament de la Bisbal del Pened\u00e8s. S\u2019hi tractaran els seg\u00fcents punts: 1.- Acta &hellip; <a href=\"https:\/\/bisbalpenedes.com\/web\/2023\/06\/09\/el-dimecres-14-de-juny-a-les-10h-se-celebrara-un-ple-extraordinari-a-lajuntament-de-la-bisbal-del-penedes\/\" class=\"more-link\">Read More<\/a><\/p>\n","protected":false},"author":4,"featured_media":22856,"comment_status":"closed","ping_status":"closed","sticky":false,"template":"","format":"standard","meta":[],"categories":[8],"tags":[459,393,3138,2719,2721,6042],"_links":{"self":[{"href":"https:\/\/bisbalpenedes.com\/web\/wp-json\/wp\/v2\/posts\/25885"}],"collection":[{"href":"https:\/\/bisbalpenedes.com\/web\/wp-json\/wp\/v2\/posts"}],"about":[{"href":"https:\/\/bisbalpenedes.com\/web\/wp-json\/wp\/v2\/types\/post"}],"author":[{"embeddable":true,"href":"https:\/\/bisbalpenedes.com\/web\/wp-json\/wp\/v2\/users\/4"}],"replies":[{"embeddable":true,"href":"https:\/\/bisbalpenedes.com\/web\/wp-json\/wp\/v2\/comments?post=25885"}],"version-history":[{"count":3,"href":"https:\/\/bisbalpenedes.com\/web\/wp-json\/wp\/v2\/posts\/25885\/revisions"}],"predecessor-version":[{"id":25888,"href":"https:\/\/bisbalpenedes.com\/web\/wp-json\/wp\/v2\/posts\/25885\/revisions\/25888"}],"wp:featuredmedia":[{"embeddable":true,"href":"https:\/\/bisbalpenedes.com\/web\/wp-json\/wp\/v2\/media\/22856"}],"wp:attachment":[{"href":"https:\/\/bisbalpenedes.com\/web\/wp-json\/wp\/v2\/media?parent=25885"}],"wp:term":[{"taxonomy":"category","embeddable":true,"href":"https:\/\/bisbalpenedes.com\/web\/wp-json\/wp\/v2\/categories?post=25885"},{"taxonomy":"post_tag","embeddable":true,"href":"https:\/\/bisbalpenedes.com\/web\/wp-json\/wp\/v2\/tags?post=25885"}],"curies":[{"name":"wp","href":"https:\/\/api.w.org\/{rel}","templated":true}]}}