{"id":25883,"date":"2023-06-07T14:23:46","date_gmt":"2023-06-07T12:23:46","guid":{"rendered":"https:\/\/bisbalpenedes.com\/web\/?p=25883"},"modified":"2023-06-07T14:23:46","modified_gmt":"2023-06-07T12:23:46","slug":"sadjudiquen-les-obres-per-reformar-parcialment-la-installacio-de-reg-i-adequar-la-pavimentacio-del-camp-de-futbol-municipal","status":"publish","type":"post","link":"https:\/\/bisbalpenedes.com\/web\/2023\/06\/07\/sadjudiquen-les-obres-per-reformar-parcialment-la-installacio-de-reg-i-adequar-la-pavimentacio-del-camp-de-futbol-municipal\/","title":{"rendered":"<strong>S\u2019adjudiquen les obres per reformar parcialment la instal\u00b7laci\u00f3 de reg i adequar la pavimentaci\u00f3 del camp de futbol municipal<\/strong>"},"content":{"rendered":"\n<p>La Junta de Govern del 22 de maig va aprovar l\u2019adjudicaci\u00f3 de les obres per reformar parcialment la instal\u00b7laci\u00f3 del reg i adequar la pavimentaci\u00f3 del camp de futbol municipal. Les obres les executar\u00e0 l\u2019empresa Excavacions Sol\u00e9 Xic per un import de 42.673,63\u20ac (IVA incl\u00f2s).<\/p>\n\n\n\n<p>Les actuacions que s\u2019hi duran a terme s\u00f3n les seg\u00fcents:<\/p>\n\n\n\n<ul><li>Demolici\u00f3 i execuci\u00f3 d\u2019una rasa al lateral i fons del camp de futbol, per renovar parcialment instal\u00b7lacions i equips existents en la instal\u00b7laci\u00f3 hidr\u00e0ulica.<\/li><\/ul>\n\n\n\n<ul><li>Compactaci\u00f3 del terreny a cota i formigonat del lateral del costat que dona a l\u2019avinguda Baix Pened\u00e8s i del fons del camp, que dona al cam\u00ed del cementiri.<\/li><\/ul>\n\n\n\n<ul><li>Renovaci\u00f3 de la instal\u00b7laci\u00f3 de canonades de polietil\u00e8 que alimenten d\u2019aigua els dip\u00f2sits de reg i altres instal\u00b7lacions del camp de futbol, aix\u00ed com adequar el dip\u00f2sit de reg i el sistema de cloraci\u00f3 que est\u00e0 a l\u2019interior de la caseta de bombes.<\/li><\/ul>\n\n\n\n<p>Val a dir que una part de l\u2019import de les obres anir\u00e0 a c\u00e0rrec de l\u2019empresa adjudicat\u00e0ria de la instal\u00b7laci\u00f3 de gespa artificial al camp de futbol -executada el 2011- despr\u00e9s que l\u2019Ajuntament i aquesta empresa arribessin un acord perqu\u00e8 aquesta assumeixi part de les despeses per arreglar defici\u00e8ncies al camp de futbol.<\/p>\n\n\n\n<p>L\u2019Ajuntament de la Bisbal del Pened\u00e8s dur\u00e0 a terme aquestes actuacions sempre en comunicaci\u00f3 amb l\u2019entitat Joventut Bisbalenca CF amb l\u2019objectiu d\u2019executar aquestes obres ocasionant les m\u00ednimes mol\u00e8sties possibles a l\u2019entitat i la seva activitat.<\/p>\n\n\n\n<hr class=\"wp-block-separator has-alpha-channel-opacity\"\/>\n\n\n\n<p><strong>CASTELLANO |<\/strong> La Junta de Gobierno del 22 de mayo aprob\u00f3 la adjudicaci\u00f3n de las obras para reformar parcialmente la instalaci\u00f3n del riego y adecuar la pavimentaci\u00f3n del campo de futbol municipal. Las obras las ejecutar\u00e1 la empresa Excavacions Sol\u00e9 Xic por un importe de 42.673,63\u20ac (IVA incluido).<\/p>\n\n\n\n<p>Las actuaciones que se llevar\u00e1n a cabo son las siguientes:<\/p>\n\n\n\n<ul><li>Demolici\u00f3n y ejecuci\u00f3n de una rasa en el lateral y fondo del campo de futbol, para renovar parcialmente instalaciones y equipos existentes en la instalaci\u00f3n hidr\u00e1ulica.<\/li><\/ul>\n\n\n\n<ul><li>Compactaci\u00f3n del terreno a cota y hormigonado del lateral del lado que da a la avenida Baix Pened\u00e8s y del fondo del campo, que da al camino del cementerio.<\/li><\/ul>\n\n\n\n<ul><li>Renovaci\u00f3n de la instalaci\u00f3n de tuber\u00edas de polietileno que alimentan de agua los dep\u00f3sitos de riego y otras instalaciones del campo de futbol, as\u00ed como adecuar el dep\u00f3sito de riego y el sistema de cloraci\u00f3n que est\u00e1 en el interior de la caseta de bombas.<\/li><\/ul>\n\n\n\n<p>Cabe decir que una parte del importe de las obras ir\u00e1 a cargo de la empresa adjudicataria de la instalaci\u00f3n del c\u00e9sped artificial en el campo de futbol -ejecutada en el 2011- despu\u00e9s de que el Ayuntamiento y esta empresa llegasen a un acuerdo para que esta asuma parte de los gastos para arreglar deficiencias en el campo de futbol.<\/p>\n\n\n\n<p>El Ayuntamiento de la Bisbal del Pened\u00e8s llevar\u00e1 a cabo estas actuaciones siempre en comunicaci\u00f3n con la entidad Joventut Bisbalenca CF con el objetivo de ejecutar estas obras ocasionando las m\u00ednimas molestias posibles a la entidad y a su actividad.<\/p>\n","protected":false},"excerpt":{"rendered":"<p>La Junta de Govern del 22 de maig va aprovar l\u2019adjudicaci\u00f3 de les obres per reformar parcialment la instal\u00b7laci\u00f3 del reg i adequar la pavimentaci\u00f3 del camp de futbol municipal. &hellip; <a href=\"https:\/\/bisbalpenedes.com\/web\/2023\/06\/07\/sadjudiquen-les-obres-per-reformar-parcialment-la-installacio-de-reg-i-adequar-la-pavimentacio-del-camp-de-futbol-municipal\/\" class=\"more-link\">Read More<\/a><\/p>\n","protected":false},"author":4,"featured_media":14398,"comment_status":"closed","ping_status":"closed","sticky":false,"template":"","format":"standard","meta":[],"categories":[19,8],"tags":[459,3556,368,6041,393],"_links":{"self":[{"href":"https:\/\/bisbalpenedes.com\/web\/wp-json\/wp\/v2\/posts\/25883"}],"collection":[{"href":"https:\/\/bisbalpenedes.com\/web\/wp-json\/wp\/v2\/posts"}],"about":[{"href":"https:\/\/bisbalpenedes.com\/web\/wp-json\/wp\/v2\/types\/post"}],"author":[{"embeddable":true,"href":"https:\/\/bisbalpenedes.com\/web\/wp-json\/wp\/v2\/users\/4"}],"replies":[{"embeddable":true,"href":"https:\/\/bisbalpenedes.com\/web\/wp-json\/wp\/v2\/comments?post=25883"}],"version-history":[{"count":1,"href":"https:\/\/bisbalpenedes.com\/web\/wp-json\/wp\/v2\/posts\/25883\/revisions"}],"predecessor-version":[{"id":25884,"href":"https:\/\/bisbalpenedes.com\/web\/wp-json\/wp\/v2\/posts\/25883\/revisions\/25884"}],"wp:featuredmedia":[{"embeddable":true,"href":"https:\/\/bisbalpenedes.com\/web\/wp-json\/wp\/v2\/media\/14398"}],"wp:attachment":[{"href":"https:\/\/bisbalpenedes.com\/web\/wp-json\/wp\/v2\/media?parent=25883"}],"wp:term":[{"taxonomy":"category","embeddable":true,"href":"https:\/\/bisbalpenedes.com\/web\/wp-json\/wp\/v2\/categories?post=25883"},{"taxonomy":"post_tag","embeddable":true,"href":"https:\/\/bisbalpenedes.com\/web\/wp-json\/wp\/v2\/tags?post=25883"}],"curies":[{"name":"wp","href":"https:\/\/api.w.org\/{rel}","templated":true}]}}