{"id":25876,"date":"2023-06-07T14:05:09","date_gmt":"2023-06-07T12:05:09","guid":{"rendered":"https:\/\/bisbalpenedes.com\/web\/?p=25876"},"modified":"2023-06-07T14:05:38","modified_gmt":"2023-06-07T12:05:38","slug":"lajuntament-pavimentara-i-construira-una-tanca-al-solar-contigu-al-local-social-de-la-miralba","status":"publish","type":"post","link":"https:\/\/bisbalpenedes.com\/web\/2023\/06\/07\/lajuntament-pavimentara-i-construira-una-tanca-al-solar-contigu-al-local-social-de-la-miralba\/","title":{"rendered":"<strong>L\u2019Ajuntament pavimentar\u00e0 i construir\u00e0 una tanca al solar contigu al local social de La Miralba<\/strong>"},"content":{"rendered":"\n<p><strong>L\u2019objectiu de l\u2019Ajuntament \u00e9s dotar la urbanitzaci\u00f3 d\u2019equipaments i instal\u00b7lacions que afavoreixin la participaci\u00f3 ciutadana, la cohesi\u00f3 social i la promoci\u00f3 de la cultura i de l\u2019oci<\/strong><\/p>\n\n\n\n<p>El passat 26 de maig l\u2019alcaldessa Agn\u00e8s Ferr\u00e9 va signar un Decret d\u2019alcaldia per aprovar el contracte per construir una tanca al carrer -similar a l\u2019existent al local social- i pavimentar de formig\u00f3 el terreny contigu al local social (ubicat al carrer Gladiol) per a fer festes i altres activitats.<\/p>\n\n\n\n<p>La parcel\u00b7la on es duran a terme les actuacions \u00e9s de propietat municipal i, el 2021, es va enderrocar l\u2019antiga masia -que estava en molt mal estat- deixant un espai per a futures inversions i per dotar la urbanitzaci\u00f3 de La Miralba d\u2019equipaments i instal\u00b7lacions que afavoreixin la participaci\u00f3 ciutadana, la cohesi\u00f3 social i la promoci\u00f3 de la cultura i de l\u2019oci.<\/p>\n\n\n\n<p>Les obres se li han adjudicat a Excavacions i Transports Rovira S.A. per un import de 27.601,70\u20ac (IVA incl\u00f2s) i consistiran a construir una tanca al carrer sobre una base massissa i la resta de filament met\u00e0l\u00b7lic amb una porta per a l\u2019acc\u00e9s de vehicles i un pas per a vianants i pavimentar de formig\u00f3 una \u00e0rea per a obtenir una pista que pugui fer-se servir per a diverses activitats, com ara festes o sopars populars.<\/p>\n\n\n\n<hr class=\"wp-block-separator has-alpha-channel-opacity\"\/>\n\n\n\n<h2>El Ayuntamiento pavimentar\u00e1 y construir\u00e1 una valla en el solar contiguo al local social de la Miralba<\/h2>\n\n\n\n<h4>El objetivo del Ayuntamiento es dotar la urbanizaci\u00f3n de equipamientos e instalaciones que favorezcan la participaci\u00f3n ciudadana, la cohesi\u00f3n social y la promoci\u00f3n de la cultura y el ocio<\/h4>\n\n\n\n<p>El pasado 26 de mayo la alcaldesa Agn\u00e8s Ferr\u00e9 firm\u00f3 un Decreto de alcald\u00eda para aprobar el contrato para construir una valla en la calle -similar a la existente en el local social- y pavimentar de hormig\u00f3n el terreno contiguo al local social (ubicado en la calle Gladiol) para hacer fiestas y otras actividades.<\/p>\n\n\n\n<p>La parcela en la que se llevar\u00e1n a cabo las actuaciones es de propiedad municipal y, en el 2021, se derrib\u00f3 la antigua mas\u00eda -que estaba en muy mal estado- dejando un espacio para futuras inversiones y para dotar la urbanizaci\u00f3n de La Miralba de equipamientos e instalaciones que favorezcan la participaci\u00f3n ciudadana, la cohesi\u00f3n social y la promoci\u00f3n de la cultura y del ocio.<\/p>\n\n\n\n<p>Las obras se le han adjudicado a Excavacions i Transports Rovira S.A. por un importe de 27.601,70\u20ac (IVA incluido) y consistir\u00e1n en construir una valla en la calle sobre una base maciza y el resto de filamento met\u00e1lico con una puerta para el acceso de veh\u00edculos y un paso para peatones y pavimentar de hormig\u00f3n un \u00e1rea para obtener una pista que pueda emplearse para varias actividades, como por ejemplo fiestas o cenas populares.<\/p>\n","protected":false},"excerpt":{"rendered":"<p>L\u2019objectiu de l\u2019Ajuntament \u00e9s dotar la urbanitzaci\u00f3 d\u2019equipaments i instal\u00b7lacions que afavoreixin la participaci\u00f3 ciutadana, la cohesi\u00f3 social i la promoci\u00f3 de la cultura i de l\u2019oci El passat 26 &hellip; <a href=\"https:\/\/bisbalpenedes.com\/web\/2023\/06\/07\/lajuntament-pavimentara-i-construira-una-tanca-al-solar-contigu-al-local-social-de-la-miralba\/\" class=\"more-link\">Read More<\/a><\/p>\n","protected":false},"author":4,"featured_media":25879,"comment_status":"closed","ping_status":"closed","sticky":false,"template":"","format":"standard","meta":[],"categories":[2057,4287,8],"tags":[6040,3883,393,246,247,1843,2479],"_links":{"self":[{"href":"https:\/\/bisbalpenedes.com\/web\/wp-json\/wp\/v2\/posts\/25876"}],"collection":[{"href":"https:\/\/bisbalpenedes.com\/web\/wp-json\/wp\/v2\/posts"}],"about":[{"href":"https:\/\/bisbalpenedes.com\/web\/wp-json\/wp\/v2\/types\/post"}],"author":[{"embeddable":true,"href":"https:\/\/bisbalpenedes.com\/web\/wp-json\/wp\/v2\/users\/4"}],"replies":[{"embeddable":true,"href":"https:\/\/bisbalpenedes.com\/web\/wp-json\/wp\/v2\/comments?post=25876"}],"version-history":[{"count":1,"href":"https:\/\/bisbalpenedes.com\/web\/wp-json\/wp\/v2\/posts\/25876\/revisions"}],"predecessor-version":[{"id":25878,"href":"https:\/\/bisbalpenedes.com\/web\/wp-json\/wp\/v2\/posts\/25876\/revisions\/25878"}],"wp:featuredmedia":[{"embeddable":true,"href":"https:\/\/bisbalpenedes.com\/web\/wp-json\/wp\/v2\/media\/25879"}],"wp:attachment":[{"href":"https:\/\/bisbalpenedes.com\/web\/wp-json\/wp\/v2\/media?parent=25876"}],"wp:term":[{"taxonomy":"category","embeddable":true,"href":"https:\/\/bisbalpenedes.com\/web\/wp-json\/wp\/v2\/categories?post=25876"},{"taxonomy":"post_tag","embeddable":true,"href":"https:\/\/bisbalpenedes.com\/web\/wp-json\/wp\/v2\/tags?post=25876"}],"curies":[{"name":"wp","href":"https:\/\/api.w.org\/{rel}","templated":true}]}}