{"id":25865,"date":"2023-06-06T11:58:01","date_gmt":"2023-06-06T09:58:01","guid":{"rendered":"https:\/\/bisbalpenedes.com\/web\/?p=25865"},"modified":"2023-06-06T11:58:01","modified_gmt":"2023-06-06T09:58:01","slug":"musicals-amb-la-contraorquestra-el-diumenge-11-de-juny-a-les-19h-a-la-societat","status":"publish","type":"post","link":"https:\/\/bisbalpenedes.com\/web\/2023\/06\/06\/musicals-amb-la-contraorquestra-el-diumenge-11-de-juny-a-les-19h-a-la-societat\/","title":{"rendered":"Musicals amb la ContraOrquestra: el diumenge 11 de juny a les 19h a la Societat"},"content":{"rendered":"\n<p>L&#8217;Escola de M\u00fasica Contrapunt presenta &#8220;Musicals amb La ContraOrquestra&#8221;, una experi\u00e8ncia musical inoblidable amb una orquestra formada per m\u00e9s de 50 m\u00fasics penedesencs que ens faran gaudir de les can\u00e7ons dels musicals m\u00e9s estimats amb una interpretaci\u00f3 excepcional.<\/p>\n\n\n\n<p>A la Bisbal del Pened\u00e8s el concert es far\u00e0 a la <a href=\"https:\/\/www.facebook.com\/profile.php?id=100064894561927&amp;__cft__[0]=AZVTXrp12F225-qMzUSGSufEj6kDV_8jaLrPSKYcnMNb3efXNjBQhBjvqM1y6ymOavZ9SSyrRwG9oZFkandPB5iwQlhgOBmNscJD6dwIpqJ-jTDvxYxGsnXLAFE8jhYgLcA&amp;__tn__=-]K-R\">Societat Cultural i Recreativa Bisbalenca<\/a> el proper diumenge 11 de juny a les 19h.<\/p>\n\n\n\n<p>Les entrades s&#8217;han d&#8217;adquirir a <a href=\"http:\/\/www.escolacontrapunt.cat\/?fbclid=IwAR08yBs6I9ex5Rkd06xVOQ4ex_fgJdY21Q_IGSBf5vQdyPLHhmdGijk2esg\" rel=\"noreferrer noopener\" target=\"_blank\">www.escolacontrapunt.cat<\/a><\/p>\n\n\n\n<hr class=\"wp-block-separator has-alpha-channel-opacity\"\/>\n\n\n\n<p>La Escuela M\u00fasica Contrapunt presenta &#8220;Musicals amb La ContraOrquestra&#8221;, una experiencia musical inolvidable con una orquesta formada por m\u00e1s de 50 m\u00fasicos del Pened\u00e8s que nos har\u00e1n disfrutar de las canciones de los musicales m\u00e1s queridos con una interpretaci\u00f3n excepcional.<\/p>\n\n\n\n<p>En la Bisbal del Pened\u00e8s el concierto se har\u00e1 en la Societat Cultural i Recreativa Bisbalenca el pr\u00f3ximo domingo 11 de junio a las 19h.<\/p>\n\n\n\n<p>Las entradas se tienen que adquirir en <a href=\"http:\/\/www.escolacontrapunt.cat\/?fbclid=IwAR3ZJPKLmKLDpO4wVuVi9eArG0M0wgEOvp_jP9taa351np3AbWZI99aYx_I\" rel=\"noreferrer noopener\" target=\"_blank\">www.escolacontrapunt.cat<\/a><\/p>\n","protected":false},"excerpt":{"rendered":"<p>L&#8217;Escola de M\u00fasica Contrapunt presenta &#8220;Musicals amb La ContraOrquestra&#8221;, una experi\u00e8ncia musical inoblidable amb una orquestra formada per m\u00e9s de 50 m\u00fasics penedesencs que ens faran gaudir de les can\u00e7ons &hellip; <a href=\"https:\/\/bisbalpenedes.com\/web\/2023\/06\/06\/musicals-amb-la-contraorquestra-el-diumenge-11-de-juny-a-les-19h-a-la-societat\/\" class=\"more-link\">Read More<\/a><\/p>\n","protected":false},"author":4,"featured_media":25866,"comment_status":"closed","ping_status":"closed","sticky":false,"template":"","format":"standard","meta":[],"categories":[2942,3456,8],"tags":[459,73,6039,538,781,393,509,1374],"_links":{"self":[{"href":"https:\/\/bisbalpenedes.com\/web\/wp-json\/wp\/v2\/posts\/25865"}],"collection":[{"href":"https:\/\/bisbalpenedes.com\/web\/wp-json\/wp\/v2\/posts"}],"about":[{"href":"https:\/\/bisbalpenedes.com\/web\/wp-json\/wp\/v2\/types\/post"}],"author":[{"embeddable":true,"href":"https:\/\/bisbalpenedes.com\/web\/wp-json\/wp\/v2\/users\/4"}],"replies":[{"embeddable":true,"href":"https:\/\/bisbalpenedes.com\/web\/wp-json\/wp\/v2\/comments?post=25865"}],"version-history":[{"count":1,"href":"https:\/\/bisbalpenedes.com\/web\/wp-json\/wp\/v2\/posts\/25865\/revisions"}],"predecessor-version":[{"id":25867,"href":"https:\/\/bisbalpenedes.com\/web\/wp-json\/wp\/v2\/posts\/25865\/revisions\/25867"}],"wp:featuredmedia":[{"embeddable":true,"href":"https:\/\/bisbalpenedes.com\/web\/wp-json\/wp\/v2\/media\/25866"}],"wp:attachment":[{"href":"https:\/\/bisbalpenedes.com\/web\/wp-json\/wp\/v2\/media?parent=25865"}],"wp:term":[{"taxonomy":"category","embeddable":true,"href":"https:\/\/bisbalpenedes.com\/web\/wp-json\/wp\/v2\/categories?post=25865"},{"taxonomy":"post_tag","embeddable":true,"href":"https:\/\/bisbalpenedes.com\/web\/wp-json\/wp\/v2\/tags?post=25865"}],"curies":[{"name":"wp","href":"https:\/\/api.w.org\/{rel}","templated":true}]}}