{"id":25850,"date":"2023-06-05T13:11:13","date_gmt":"2023-06-05T11:11:13","guid":{"rendered":"https:\/\/bisbalpenedes.com\/web\/?p=25850"},"modified":"2023-06-05T13:13:46","modified_gmt":"2023-06-05T11:13:46","slug":"avui-dilluns-5-de-juny-al-vespre-la-casa-de-la-vila-silluminara-de-color-verd-amb-motiu-del-dia-mundial-del-medi-ambient","status":"publish","type":"post","link":"https:\/\/bisbalpenedes.com\/web\/2023\/06\/05\/avui-dilluns-5-de-juny-al-vespre-la-casa-de-la-vila-silluminara-de-color-verd-amb-motiu-del-dia-mundial-del-medi-ambient\/","title":{"rendered":"Avui dilluns 5 de juny al vespre La Casa de la Vila s&#8217;il\u00b7luminar\u00e0 de color verd amb motiu del Dia Mundial del Medi Ambient"},"content":{"rendered":"\n<p>Avui dilluns \u00e9s el Dia Mundial del Medi Ambient.<\/p>\n\n\n\n<p>Fem, entre tots, un m\u00f3n sense contaminaci\u00f3 per pl\u00e0stics? <\/p>\n\n\n\n<p>Amb motiu d&#8217;aquesta jornada, aquest vespre la Casa de la Vila s&#8217;il\u00b7luminar\u00e0 de color verd.<\/p>\n\n\n\n<p>M\u00e9s informaci\u00f3: <a href=\"https:\/\/www.un.org\/es\/observances\/environment-day\">https:\/\/www.un.org\/es\/observances\/environment-day<\/a><\/p>\n\n\n\n<hr class=\"wp-block-separator has-alpha-channel-opacity\"\/>\n\n\n\n<p>Hoy lunes es el D\u00eda Mundial del Medio Ambiente.<\/p>\n\n\n\n<p>\u00bfHacemos, entre todos, un mundo sin contaminaci\u00f3n por pl\u00e1sticos? <\/p>\n\n\n\n<p>Con motivo de esta jornada, hoy al anochecer la Casa de la Vila se iluminar\u00e1 de color verde.<\/p>\n\n\n\n<p>M\u00e1s informaci\u00f3n: <a href=\"https:\/\/www.un.org\/es\/observances\/environment-day\">https:\/\/www.un.org\/es\/observances\/environment-day<\/a><\/p>\n\n\n\n<figure class=\"wp-block-embed is-type-video is-provider-youtube wp-block-embed-youtube wp-embed-aspect-16-9 wp-has-aspect-ratio\"><div class=\"wp-block-embed__wrapper\">\n<iframe loading=\"lazy\" title=\"D\u00eda Mundial del Medio Ambiente 2023 por un planeta #SinContaminaci\u00f3nPorPl\u00e1sticos\" width=\"1170\" height=\"658\" src=\"https:\/\/www.youtube.com\/embed\/Zgez3eB0IO8?feature=oembed\" frameborder=\"0\" allow=\"accelerometer; autoplay; clipboard-write; encrypted-media; gyroscope; picture-in-picture; web-share\" allowfullscreen><\/iframe>\n<\/div><\/figure>\n","protected":false},"excerpt":{"rendered":"<p>Avui dilluns \u00e9s el Dia Mundial del Medi Ambient. Fem, entre tots, un m\u00f3n sense contaminaci\u00f3 per pl\u00e0stics? Amb motiu d&#8217;aquesta jornada, aquest vespre la Casa de la Vila s&#8217;il\u00b7luminar\u00e0 &hellip; <a href=\"https:\/\/bisbalpenedes.com\/web\/2023\/06\/05\/avui-dilluns-5-de-juny-al-vespre-la-casa-de-la-vila-silluminara-de-color-verd-amb-motiu-del-dia-mundial-del-medi-ambient\/\" class=\"more-link\">Read More<\/a><\/p>\n","protected":false},"author":4,"featured_media":25853,"comment_status":"closed","ping_status":"closed","sticky":false,"template":"","format":"standard","meta":[],"categories":[2402,32,8],"tags":[459,4557,393,220],"_links":{"self":[{"href":"https:\/\/bisbalpenedes.com\/web\/wp-json\/wp\/v2\/posts\/25850"}],"collection":[{"href":"https:\/\/bisbalpenedes.com\/web\/wp-json\/wp\/v2\/posts"}],"about":[{"href":"https:\/\/bisbalpenedes.com\/web\/wp-json\/wp\/v2\/types\/post"}],"author":[{"embeddable":true,"href":"https:\/\/bisbalpenedes.com\/web\/wp-json\/wp\/v2\/users\/4"}],"replies":[{"embeddable":true,"href":"https:\/\/bisbalpenedes.com\/web\/wp-json\/wp\/v2\/comments?post=25850"}],"version-history":[{"count":1,"href":"https:\/\/bisbalpenedes.com\/web\/wp-json\/wp\/v2\/posts\/25850\/revisions"}],"predecessor-version":[{"id":25852,"href":"https:\/\/bisbalpenedes.com\/web\/wp-json\/wp\/v2\/posts\/25850\/revisions\/25852"}],"wp:featuredmedia":[{"embeddable":true,"href":"https:\/\/bisbalpenedes.com\/web\/wp-json\/wp\/v2\/media\/25853"}],"wp:attachment":[{"href":"https:\/\/bisbalpenedes.com\/web\/wp-json\/wp\/v2\/media?parent=25850"}],"wp:term":[{"taxonomy":"category","embeddable":true,"href":"https:\/\/bisbalpenedes.com\/web\/wp-json\/wp\/v2\/categories?post=25850"},{"taxonomy":"post_tag","embeddable":true,"href":"https:\/\/bisbalpenedes.com\/web\/wp-json\/wp\/v2\/tags?post=25850"}],"curies":[{"name":"wp","href":"https:\/\/api.w.org\/{rel}","templated":true}]}}