{"id":2585,"date":"2017-06-10T16:00:27","date_gmt":"2017-06-10T10:00:27","guid":{"rendered":"http:\/\/bisbalpenedes.com\/web\/?p=2585"},"modified":"2017-06-10T16:00:27","modified_gmt":"2017-06-10T10:00:27","slug":"el-25-de-juny-es-projectara-el-guardian-invisible-al-cmc-en-el-marc-del-cicle-gaudi","status":"publish","type":"post","link":"https:\/\/bisbalpenedes.com\/web\/2017\/06\/10\/el-25-de-juny-es-projectara-el-guardian-invisible-al-cmc-en-el-marc-del-cicle-gaudi\/","title":{"rendered":"El 25 de juny es projectar\u00e0 &#8216;El guardi\u00e1n invisible&#8217; al CMC en el marc del Cicle Gaud\u00ed"},"content":{"rendered":"<p><a href=\"http:\/\/bisbalpenedes.com\/web\/wp-content\/uploads\/2017\/06\/VISUAL_A3_LA_BISBAL_PENEDES.jpg\"><img loading=\"lazy\" class=\"aligncenter size-medium wp-image-2586\" title=\"VISUAL_A3_LA_BISBAL_PENEDES\" src=\"http:\/\/bisbalpenedes.com\/web\/wp-content\/uploads\/2017\/06\/VISUAL_A3_LA_BISBAL_PENEDES-213x300.jpg\" alt=\"\" width=\"213\" height=\"300\" srcset=\"https:\/\/bisbalpenedes.com\/web\/wp-content\/uploads\/2017\/06\/VISUAL_A3_LA_BISBAL_PENEDES-213x300.jpg 213w, https:\/\/bisbalpenedes.com\/web\/wp-content\/uploads\/2017\/06\/VISUAL_A3_LA_BISBAL_PENEDES-600x843.jpg 600w, https:\/\/bisbalpenedes.com\/web\/wp-content\/uploads\/2017\/06\/VISUAL_A3_LA_BISBAL_PENEDES-728x1024.jpg 728w, https:\/\/bisbalpenedes.com\/web\/wp-content\/uploads\/2017\/06\/VISUAL_A3_LA_BISBAL_PENEDES.jpg 1146w\" sizes=\"(max-width: 213px) 100vw, 213px\" \/><\/a><\/p>\n<p>La tercera pel\u00b7l\u00edcula del Cicle Gaud\u00ed a La Bisbal del Pened\u00e8s es projectar\u00e0 el diumenge 25 de juny a les 19h i \u00e9s \u201cEl guardi\u00e1n invisible\u201d de Fernando Gonz\u00e1lez Molina.<\/p>\n<h4><strong>SINOPSI<\/strong><\/h4>\n<p><strong>Una adaptaci\u00f3 fidel del gran \u00e8xit editorial del llibre del mateix nom de Dolores Redondo.<\/strong><\/p>\n<p>En els marges del riu Baztan, a la vall de Navarra, apareix el cos nu d\u2019una adolescent en unes circumst\u00e0ncies que la posen en relaci\u00f3 amb un assassinat ocorregut a les rodalies un mes enrere.<\/p>\n<p>La inspectora de la secci\u00f3 d\u2019homicidis de la Policia Foral, Amaia Salazar, ser\u00e0 l\u2019encarregada de dirigir una investigaci\u00f3 que la portar\u00e0 de tornada a Elizondo, una petita poblaci\u00f3 d\u2019on \u00e9s origin\u00e0ria i de la qual ha intentat fugir tota la vida.<\/p>\n<p>Enfrontada amb les cada vegada m\u00e9s complicades derivacions del cas i amb els seus propis fantasmes familiars, la investigaci\u00f3 d\u2019Amaia \u00e9s una carrera contra rellotge per trobar un assass\u00ed que pot mostrar la cara m\u00e9s aterridora d\u2019una realitat brutal alhora que convocar els \u00e9ssers m\u00e9s inquietants de les llegendes del Nord.<\/p>\n<p><strong>Tr\u00e0iler:<\/strong>\u00a0<a href=\"https:\/\/www.youtube.com\/watch?v=db63gS3kNOg\" target=\"_blank\">https:\/\/www.youtube.com\/watch?v=db63gS3kNOg<\/a><\/p>\n<p><strong>Falca radiof\u00f2nica<\/strong>:\u00a0<a href=\"https:\/\/soundcloud.com\/user-240484202\/juny-la-bisbal-del-penedes\" target=\"_blank\">https:\/\/soundcloud.com\/user-240484202\/juny-la-bisbal-del-penedes<\/a><\/p>\n<p>&nbsp;<\/p>\n<div>\n<h2>Fitxa t\u00e8cnica<\/h2>\n<\/div>\n<div>\n<h4>Direcci\u00f3: Fernando Gonz\u00e1lez Molina<strong><br \/>\n<\/strong>Gui\u00f3:\u00a0<strong style=\"font-size: 1em;\">Luiso Berdejo, basat en la novel.la de Dolores Redondo<br \/>\n<\/strong>M\u00fasica:\u00a0<strong style=\"font-size: 1em;\">Fernando Vel\u00e1zquez<br \/>\n<\/strong>Estrena:<strong style=\"font-size: 1em;\">\u00a03 de mar\u00e7 de 2017<br \/>\n<\/strong>Durada:\u00a0<strong style=\"font-size: 1em;\">129 min.<br \/>\n<\/strong>G\u00e8nere:\u00a0<strong style=\"font-size: 1em;\">Thriller d\u2019intriga<\/strong><\/h4>\n<h3>Int\u00e8rprets:<\/h3>\n<p>Marta Etura<br \/>\nElvira M\u00ednguez<br \/>\nJuan Carlos Librado &#8220;Nene&#8221;<br \/>\nFrancesc Orella<\/p>\n<\/div>\n<p>L\u2019entrada al cinema t\u00e9 un preu de 4,5\u20ac per al p\u00fablic general i 3\u20ac per als usuaris de la Biblioteca Municipal de La Bisbal (presentant el carnet). Les entrades s\u00f3n limitades. Els beneficis recaptats aniran a parar a entitats bisbalenques. L\u2019Ajuntament va fer arribar una carta a les entitats del municipi amb la finalitat que les entitats que volguessin es poguessin encarregar de la taquilla i vendre les entrades a canvi de quedar-se amb la recaptaci\u00f3. En aquesta primera convocat\u00f2ria (se\u2019n far\u00e0 una altra per a les projeccions dels mesos de setembre, octubre i novembre) van presentar-se tres entitats i el sorteig, que es va fer el passat dimecres 26 d\u2019abril, va donar els seg\u00fcents resultats:<\/p>\n<p>-30 d\u2019abril: Pel\u00b7l\u00edcula \u201cEspanya en dues trinxeres\u201d. Entitat: Associaci\u00f3 de Dones La Roca Foradada.<\/p>\n<p>-28 de maig: Pel\u00b7l\u00edcula \u201cUn monstre em ve a veure\u201d. Entitat: Grup de Geganters i Grallers de La Societat.<\/p>\n<p><strong>-25 de juny: Pel\u00b7l\u00edcula \u201cEl guardi\u00e1n invisible\u201d. Entitat: Ball de Gitanes de La Bisbal.<\/strong><\/p>\n<p>El Cicle Gaud\u00ed va n\u00e9ixer el setembre de 2016 i, uns mesos despr\u00e9s, va experimentar un creixement amb la finalitat d\u2019arribar a m\u00e9s espectadors. Entre aquests espectadors hi ha els bisbalencs i les bisbalenques que ara poden gaudir de bon cinema a la seva vila, l\u2019\u00fanic municipi de la comarca del Baix Pened\u00e8s que ofereix pel\u00b7l\u00edcules d\u2019aquest cicle el darrer diumenge dels mesos d\u2019abril, maig, juny, setembre, octubre i novembre. El Cicle Gaud\u00ed compta amb el suport del Departament de Cultura de la Generalitat de Catalunya i de les quatre diputacions. En l\u2019actualitat s\u00f3n 33 els municipis adherits al Cicle Gaud\u00ed, el circuit estable de cinema en catal\u00e0. Per a m\u00e9s informaci\u00f3 podeu entrar al web:\u00a0<a href=\"http:\/\/ciclegaudi.cat\/sales\/centre-municipal-de-cultura-de-la-bisbal-de-penedes\/\">http:\/\/ciclegaudi.cat\/sales\/centre-municipal-de-cultura-de-la-bisbal-de-penedes\/<\/a><\/p>\n","protected":false},"excerpt":{"rendered":"<p>La tercera pel\u00b7l\u00edcula del Cicle Gaud\u00ed a La Bisbal del Pened\u00e8s es projectar\u00e0 el diumenge 25 de juny a les 19h i \u00e9s \u201cEl guardi\u00e1n invisible\u201d de Fernando Gonz\u00e1lez Molina. &hellip; <a href=\"https:\/\/bisbalpenedes.com\/web\/2017\/06\/10\/el-25-de-juny-es-projectara-el-guardian-invisible-al-cmc-en-el-marc-del-cicle-gaudi\/\" class=\"more-link\">Read More<\/a><\/p>\n","protected":false},"author":4,"featured_media":2586,"comment_status":"closed","ping_status":"closed","sticky":false,"template":"","format":"standard","meta":[],"categories":[13],"tags":[308,307,226,514,393],"_links":{"self":[{"href":"https:\/\/bisbalpenedes.com\/web\/wp-json\/wp\/v2\/posts\/2585"}],"collection":[{"href":"https:\/\/bisbalpenedes.com\/web\/wp-json\/wp\/v2\/posts"}],"about":[{"href":"https:\/\/bisbalpenedes.com\/web\/wp-json\/wp\/v2\/types\/post"}],"author":[{"embeddable":true,"href":"https:\/\/bisbalpenedes.com\/web\/wp-json\/wp\/v2\/users\/4"}],"replies":[{"embeddable":true,"href":"https:\/\/bisbalpenedes.com\/web\/wp-json\/wp\/v2\/comments?post=2585"}],"version-history":[{"count":2,"href":"https:\/\/bisbalpenedes.com\/web\/wp-json\/wp\/v2\/posts\/2585\/revisions"}],"predecessor-version":[{"id":2588,"href":"https:\/\/bisbalpenedes.com\/web\/wp-json\/wp\/v2\/posts\/2585\/revisions\/2588"}],"wp:featuredmedia":[{"embeddable":true,"href":"https:\/\/bisbalpenedes.com\/web\/wp-json\/wp\/v2\/media\/2586"}],"wp:attachment":[{"href":"https:\/\/bisbalpenedes.com\/web\/wp-json\/wp\/v2\/media?parent=2585"}],"wp:term":[{"taxonomy":"category","embeddable":true,"href":"https:\/\/bisbalpenedes.com\/web\/wp-json\/wp\/v2\/categories?post=2585"},{"taxonomy":"post_tag","embeddable":true,"href":"https:\/\/bisbalpenedes.com\/web\/wp-json\/wp\/v2\/tags?post=2585"}],"curies":[{"name":"wp","href":"https:\/\/api.w.org\/{rel}","templated":true}]}}