{"id":25839,"date":"2023-05-31T10:01:19","date_gmt":"2023-05-31T08:01:19","guid":{"rendered":"https:\/\/bisbalpenedes.com\/web\/?p=25839"},"modified":"2023-05-31T10:01:19","modified_gmt":"2023-05-31T08:01:19","slug":"lactriu-i-model-bisbalenca-elisabeth-catala-ha-estat-escollida-per-representar-barcelona-en-el-certamen-de-miss-teen-spain","status":"publish","type":"post","link":"https:\/\/bisbalpenedes.com\/web\/2023\/05\/31\/lactriu-i-model-bisbalenca-elisabeth-catala-ha-estat-escollida-per-representar-barcelona-en-el-certamen-de-miss-teen-spain\/","title":{"rendered":"L\u2019actriu i model bisbalenca Elisabeth Catal\u00e0 ha estat escollida per representar Barcelona en el certamen de Miss Teen Spain"},"content":{"rendered":"\n<p>L\u2019actriu i model bisbalenca Elisabeth Catal\u00e0 ha estat escollida per representar Barcelona en el certamen de Miss Teen Spain, que se celebrar\u00e0 a Madrid durant el proper mes de juliol.<\/p>\n\n\n\n<p>La bisbalenca rebr\u00e0 cursos de passarel\u00b7la i orat\u00f2ria, entre altres i, posteriorment, participar\u00e0 en la primera eliminat\u00f2ria, que es far\u00e0 el 23 de juliol. Despr\u00e9s, el 29 de juliol, se celebrar\u00e0 la gala final i, la guanyadora de la corona, ser\u00e0 la representant del certamen arreu del m\u00f3n i viatjar\u00e0 a la Rep\u00fablica Dominicana per participar en el certamen internacional.<\/p>\n\n\n\n<p>Des d\u2019aqu\u00ed felicitem la bisbalenca per obtenir una nova fita en el cam\u00ed professional que va triar ja des de ben petita.<\/p>\n\n\n\n<hr class=\"wp-block-separator has-alpha-channel-opacity\"\/>\n\n\n\n<p><strong>CASTELLANO |<\/strong> La actriz y modelo bisbalenca Elisabeth Catal\u00e0 ha sido elegida para representar a Barcelona en el certamen de Miss Teen Spain, que se celebrar\u00e1 en Madrid durante el pr\u00f3ximo mes de julio.<\/p>\n\n\n\n<p>La bisbalenca recibir\u00e1 cursos de pasarela y oratoria, entre otros y, posteriormente, participar\u00e1 en la primera eliminatoria que se har\u00e1 el 23 de julio. Despu\u00e9s, el 29 de julio, se celebrar\u00e1 la gala final y, la ganadora de la corona, ser\u00e1 la representante del certamen en todo el mundo y viajar\u00e1 a la Rep\u00fablica Dominicana para participar en el certamen internacional.<\/p>\n\n\n\n<p>Desde aqu\u00ed felicitamos a la bisblenca por obtener un nuevo logro en el camino profesional que eligi\u00f3 ya desde bien peque\u00f1a.<\/p>\n","protected":false},"excerpt":{"rendered":"<p>L\u2019actriu i model bisbalenca Elisabeth Catal\u00e0 ha estat escollida per representar Barcelona en el certamen de Miss Teen Spain, que se celebrar\u00e0 a Madrid durant el proper mes de juliol. &hellip; <a href=\"https:\/\/bisbalpenedes.com\/web\/2023\/05\/31\/lactriu-i-model-bisbalenca-elisabeth-catala-ha-estat-escollida-per-representar-barcelona-en-el-certamen-de-miss-teen-spain\/\" class=\"more-link\">Read More<\/a><\/p>\n","protected":false},"author":4,"featured_media":25840,"comment_status":"closed","ping_status":"closed","sticky":false,"template":"","format":"standard","meta":[],"categories":[2370,8],"tags":[459,319,6036,393,6035,1374],"_links":{"self":[{"href":"https:\/\/bisbalpenedes.com\/web\/wp-json\/wp\/v2\/posts\/25839"}],"collection":[{"href":"https:\/\/bisbalpenedes.com\/web\/wp-json\/wp\/v2\/posts"}],"about":[{"href":"https:\/\/bisbalpenedes.com\/web\/wp-json\/wp\/v2\/types\/post"}],"author":[{"embeddable":true,"href":"https:\/\/bisbalpenedes.com\/web\/wp-json\/wp\/v2\/users\/4"}],"replies":[{"embeddable":true,"href":"https:\/\/bisbalpenedes.com\/web\/wp-json\/wp\/v2\/comments?post=25839"}],"version-history":[{"count":1,"href":"https:\/\/bisbalpenedes.com\/web\/wp-json\/wp\/v2\/posts\/25839\/revisions"}],"predecessor-version":[{"id":25841,"href":"https:\/\/bisbalpenedes.com\/web\/wp-json\/wp\/v2\/posts\/25839\/revisions\/25841"}],"wp:featuredmedia":[{"embeddable":true,"href":"https:\/\/bisbalpenedes.com\/web\/wp-json\/wp\/v2\/media\/25840"}],"wp:attachment":[{"href":"https:\/\/bisbalpenedes.com\/web\/wp-json\/wp\/v2\/media?parent=25839"}],"wp:term":[{"taxonomy":"category","embeddable":true,"href":"https:\/\/bisbalpenedes.com\/web\/wp-json\/wp\/v2\/categories?post=25839"},{"taxonomy":"post_tag","embeddable":true,"href":"https:\/\/bisbalpenedes.com\/web\/wp-json\/wp\/v2\/tags?post=25839"}],"curies":[{"name":"wp","href":"https:\/\/api.w.org\/{rel}","templated":true}]}}