{"id":25835,"date":"2023-05-30T17:05:49","date_gmt":"2023-05-30T15:05:49","guid":{"rendered":"https:\/\/bisbalpenedes.com\/web\/?p=25835"},"modified":"2023-05-30T17:05:49","modified_gmt":"2023-05-30T15:05:49","slug":"el-dissabte-3-de-juny-a-les-18h-se-celebrara-la-diada-dapadrinament-de-la-colla-castellera-de-la-bisbal-bous-a-la-placa-major","status":"publish","type":"post","link":"https:\/\/bisbalpenedes.com\/web\/2023\/05\/30\/el-dissabte-3-de-juny-a-les-18h-se-celebrara-la-diada-dapadrinament-de-la-colla-castellera-de-la-bisbal-bous-a-la-placa-major\/","title":{"rendered":"El dissabte 3 de juny a les 18h se celebrar\u00e0 la Diada d&#8217;apadrinament de La Colla Castellera de la Bisbal (Bous) a la pla\u00e7a Major"},"content":{"rendered":"\n<p>Aquest dissabte a la tarda veniu a gaudir dels castells a la pla\u00e7a Major. La&nbsp;Colla Castellera La Bisbal del Pened\u00e8s &#8211; Bous&nbsp;celebrar\u00e0 la Diada d&#8217;apadrinament amb els&nbsp;Nois de la Torre&nbsp;i els&nbsp;Xicots de Vilafranca.<\/p>\n\n\n\n<hr class=\"wp-block-separator has-alpha-channel-opacity\"\/>\n\n\n\n<p>Este s\u00e1bado por la tarde venid a disfrutar de los &#8216;castells&#8217; en la plaza Major. La Colla Castellera La Bisbal del Pened\u00e8s &#8211; Bous celebrar\u00e1 la Diada de apadrinamiento con los Nois de la Torre y los Xicots de Vilafranca.<\/p>\n","protected":false},"excerpt":{"rendered":"<p>Aquest dissabte a la tarda veniu a gaudir dels castells a la pla\u00e7a Major. La&nbsp;Colla Castellera La Bisbal del Pened\u00e8s &#8211; Bous&nbsp;celebrar\u00e0 la Diada d&#8217;apadrinament amb els&nbsp;Nois de la Torre&nbsp;i &hellip; <a href=\"https:\/\/bisbalpenedes.com\/web\/2023\/05\/30\/el-dissabte-3-de-juny-a-les-18h-se-celebrara-la-diada-dapadrinament-de-la-colla-castellera-de-la-bisbal-bous-a-la-placa-major\/\" class=\"more-link\">Read More<\/a><\/p>\n","protected":false},"author":4,"featured_media":25836,"comment_status":"closed","ping_status":"closed","sticky":false,"template":"","format":"standard","meta":[],"categories":[13,20,8],"tags":[459,378,667,691,393,1374],"_links":{"self":[{"href":"https:\/\/bisbalpenedes.com\/web\/wp-json\/wp\/v2\/posts\/25835"}],"collection":[{"href":"https:\/\/bisbalpenedes.com\/web\/wp-json\/wp\/v2\/posts"}],"about":[{"href":"https:\/\/bisbalpenedes.com\/web\/wp-json\/wp\/v2\/types\/post"}],"author":[{"embeddable":true,"href":"https:\/\/bisbalpenedes.com\/web\/wp-json\/wp\/v2\/users\/4"}],"replies":[{"embeddable":true,"href":"https:\/\/bisbalpenedes.com\/web\/wp-json\/wp\/v2\/comments?post=25835"}],"version-history":[{"count":1,"href":"https:\/\/bisbalpenedes.com\/web\/wp-json\/wp\/v2\/posts\/25835\/revisions"}],"predecessor-version":[{"id":25837,"href":"https:\/\/bisbalpenedes.com\/web\/wp-json\/wp\/v2\/posts\/25835\/revisions\/25837"}],"wp:featuredmedia":[{"embeddable":true,"href":"https:\/\/bisbalpenedes.com\/web\/wp-json\/wp\/v2\/media\/25836"}],"wp:attachment":[{"href":"https:\/\/bisbalpenedes.com\/web\/wp-json\/wp\/v2\/media?parent=25835"}],"wp:term":[{"taxonomy":"category","embeddable":true,"href":"https:\/\/bisbalpenedes.com\/web\/wp-json\/wp\/v2\/categories?post=25835"},{"taxonomy":"post_tag","embeddable":true,"href":"https:\/\/bisbalpenedes.com\/web\/wp-json\/wp\/v2\/tags?post=25835"}],"curies":[{"name":"wp","href":"https:\/\/api.w.org\/{rel}","templated":true}]}}