{"id":25829,"date":"2023-05-29T22:39:17","date_gmt":"2023-05-29T20:39:17","guid":{"rendered":"https:\/\/bisbalpenedes.com\/web\/?p=25829"},"modified":"2023-05-29T22:39:17","modified_gmt":"2023-05-29T20:39:17","slug":"lajuntament-cedeix-diversos-exemplars-de-la-revista-local-germen-a-larxiu-comarcal-del-baix-penedes-per-a-la-seva-digitalitzacio-i-consulta-publica","status":"publish","type":"post","link":"https:\/\/bisbalpenedes.com\/web\/2023\/05\/29\/lajuntament-cedeix-diversos-exemplars-de-la-revista-local-germen-a-larxiu-comarcal-del-baix-penedes-per-a-la-seva-digitalitzacio-i-consulta-publica\/","title":{"rendered":"L\u2019Ajuntament cedeix diversos exemplars de la revista local Germen a l\u2019Arxiu Comarcal del Baix Pened\u00e8s per a la seva digitalitzaci\u00f3 i consulta p\u00fablica"},"content":{"rendered":"\n<p>L\u2019Ajuntament de la Bisbal del Pened\u00e8s ha cedit una c\u00f2pia de tots els exemplars de Germen, revista impulsada pel Patronat de Cultura i publicada entre 1951 i 1957; amb un total de 27 n\u00fameros de 4 p\u00e0gines cada un amb not\u00edcies d\u2019\u00e0mbit local.<\/p>\n\n\n\n<p>Germen abra\u00e7ava tot de categories i esdeveniments ocorreguts al poble, amb especial atenci\u00f3 als aspectes culturals i amb seccions sobre hist\u00f2ria i arqueologia. La revista no contenia publicitat i tenia un marcat caire moralitzant t\u00edpic de l\u2019\u00e8poca i del r\u00e8gim.<\/p>\n\n\n\n<p>Gr\u00e0cies a la digitalitzaci\u00f3 efectuada per l\u2019Arxiu Comarcal del Baix Pened\u00e8s, la revista ara \u00e9s accessible a tot el p\u00fablic a trav\u00e9s de l\u2019enlla\u00e7: <a href=\"https:\/\/xacpremsa.cultura.gencat.cat\/pandora\/pub.vm?id=0002247756&amp;view=premsa&amp;lang=ca\">https:\/\/xacpremsa.cultura.gencat.cat\/pandora\/pub.vm?id=0002247756&amp;view=premsa&amp;lang=ca<\/a><\/p>\n\n\n\n<p>Amb aquesta, ja s\u00f3n 42 cap\u00e7aleres les que l\u2019Arxiu Comarcal del Baix Pened\u00e8s fa accessibles a trav\u00e9s del Portal XAC Premsa a tot el p\u00fablic a trav\u00e9s de la seva digitalitzaci\u00f3 i consulta lliure per internet.<\/p>\n\n\n\n<p>Aix\u00ed, tamb\u00e9 cal recordar que a la Biblioteca Municipal de la Bisbal del Pened\u00e8s tamb\u00e9 hi podreu trobar -disponible per a la seva consulta i pr\u00e9stec- tota la col\u00b7lecci\u00f3 de la revista local El Marge, un total de 59 n\u00fameros dedicats a la conservaci\u00f3 i protecci\u00f3 del medi, el patrimoni natural i hist\u00f2ric local que abracen des del 2001 fins al 2009.<\/p>\n\n\n\n<figure class=\"wp-block-image size-full\"><img loading=\"lazy\" width=\"700\" height=\"522\" src=\"https:\/\/bisbalpenedes.com\/web\/wp-content\/uploads\/2023\/05\/Germen-La-Bisbal-del-Penedes-web_2.jpg_1150290853.jpg\" alt=\"\" class=\"wp-image-25831\" srcset=\"https:\/\/bisbalpenedes.com\/web\/wp-content\/uploads\/2023\/05\/Germen-La-Bisbal-del-Penedes-web_2.jpg_1150290853.jpg 700w, https:\/\/bisbalpenedes.com\/web\/wp-content\/uploads\/2023\/05\/Germen-La-Bisbal-del-Penedes-web_2.jpg_1150290853-300x224.jpg 300w, https:\/\/bisbalpenedes.com\/web\/wp-content\/uploads\/2023\/05\/Germen-La-Bisbal-del-Penedes-web_2.jpg_1150290853-600x447.jpg 600w\" sizes=\"(max-width: 700px) 100vw, 700px\" \/><\/figure>\n\n\n\n<hr class=\"wp-block-separator has-alpha-channel-opacity\"\/>\n\n\n\n<p><strong>CASTELLANO | <\/strong>El Ayuntamiento de la Bisbal del Pened\u00e8s ha cedido una copia de todos los ejemplares de Germen, revista impulsada por el Patronato de Cultura y publicada entre 1951 y 1957; con un total de 27 n\u00fameros de 4 p\u00e1ginas cada uno con noticias de \u00e1mbito local.<\/p>\n\n\n\n<p>Germen abrazaba varias categor\u00edas y eventos ocurridos en el pueblo, con especial atenci\u00f3n a los aspectos culturales y con secciones sobre historia y arqueolog\u00eda. La revista no conten\u00eda publicidad y ten\u00eda un marcado cariz moralizante t\u00edpico de la \u00e9poca y del r\u00e9gimen.<\/p>\n\n\n\n<p>Gracias a la digitalizaci\u00f3n efectuada por el Archivo Comarcal del Baix Pened\u00e8s, la revista ahora es accesible para todo el p\u00fablico en el enlace: <a href=\"https:\/\/xacpremsa.cultura.gencat.cat\/pandora\/pub.vm?id=0002247756&amp;view=premsa&amp;lang=ca\">https:\/\/xacpremsa.cultura.gencat.cat\/pandora\/pub.vm?id=0002247756&amp;view=premsa&amp;lang=ca<\/a><\/p>\n\n\n\n<p>Con esta, ya son 42 cabeceras las que el Archivo Comarcal del Baix Pened\u00e8s hace accesibles, a trav\u00e9s del Portal XAC Premsa a todo el p\u00fablico a trav\u00e9s de su digitalizaci\u00f3n y consulta libre por internet.<\/p>\n\n\n\n<p>As\u00ed, tambi\u00e9n cabe recordar que en la Biblioteca Municipal de la Bisbal del Pened\u00e8s tambi\u00e9n podr\u00e9is encontrar -disponible para su consulta y pr\u00e9stamo- toda la colecci\u00f3n de la revista local El Marge, un total de 59 n\u00fameros dedicados a la conservaci\u00f3n y protecci\u00f3n del medio, el patrimonio cultural e hist\u00f3rico local que abrazan desde el 2001 hasta el 2009.<\/p>\n","protected":false},"excerpt":{"rendered":"<p>L\u2019Ajuntament de la Bisbal del Pened\u00e8s ha cedit una c\u00f2pia de tots els exemplars de Germen, revista impulsada pel Patronat de Cultura i publicada entre 1951 i 1957; amb un &hellip; <a href=\"https:\/\/bisbalpenedes.com\/web\/2023\/05\/29\/lajuntament-cedeix-diversos-exemplars-de-la-revista-local-germen-a-larxiu-comarcal-del-baix-penedes-per-a-la-seva-digitalitzacio-i-consulta-publica\/\" class=\"more-link\">Read More<\/a><\/p>\n","protected":false},"author":4,"featured_media":25830,"comment_status":"closed","ping_status":"closed","sticky":false,"template":"","format":"standard","meta":[],"categories":[2478,13,8],"tags":[6033,6034,459,180,3001,6032,6031,393,1374,1447],"_links":{"self":[{"href":"https:\/\/bisbalpenedes.com\/web\/wp-json\/wp\/v2\/posts\/25829"}],"collection":[{"href":"https:\/\/bisbalpenedes.com\/web\/wp-json\/wp\/v2\/posts"}],"about":[{"href":"https:\/\/bisbalpenedes.com\/web\/wp-json\/wp\/v2\/types\/post"}],"author":[{"embeddable":true,"href":"https:\/\/bisbalpenedes.com\/web\/wp-json\/wp\/v2\/users\/4"}],"replies":[{"embeddable":true,"href":"https:\/\/bisbalpenedes.com\/web\/wp-json\/wp\/v2\/comments?post=25829"}],"version-history":[{"count":1,"href":"https:\/\/bisbalpenedes.com\/web\/wp-json\/wp\/v2\/posts\/25829\/revisions"}],"predecessor-version":[{"id":25832,"href":"https:\/\/bisbalpenedes.com\/web\/wp-json\/wp\/v2\/posts\/25829\/revisions\/25832"}],"wp:featuredmedia":[{"embeddable":true,"href":"https:\/\/bisbalpenedes.com\/web\/wp-json\/wp\/v2\/media\/25830"}],"wp:attachment":[{"href":"https:\/\/bisbalpenedes.com\/web\/wp-json\/wp\/v2\/media?parent=25829"}],"wp:term":[{"taxonomy":"category","embeddable":true,"href":"https:\/\/bisbalpenedes.com\/web\/wp-json\/wp\/v2\/categories?post=25829"},{"taxonomy":"post_tag","embeddable":true,"href":"https:\/\/bisbalpenedes.com\/web\/wp-json\/wp\/v2\/tags?post=25829"}],"curies":[{"name":"wp","href":"https:\/\/api.w.org\/{rel}","templated":true}]}}