{"id":25811,"date":"2023-05-29T21:30:51","date_gmt":"2023-05-29T19:30:51","guid":{"rendered":"https:\/\/bisbalpenedes.com\/web\/?p=25811"},"modified":"2023-05-29T21:30:51","modified_gmt":"2023-05-29T19:30:51","slug":"ja-esta-en-funcionament-el-punt-de-recarrega-per-a-dos-vehicles-electrics-o-hibrids-endollables-a-la-placa-de-lera-de-batre","status":"publish","type":"post","link":"https:\/\/bisbalpenedes.com\/web\/2023\/05\/29\/ja-esta-en-funcionament-el-punt-de-recarrega-per-a-dos-vehicles-electrics-o-hibrids-endollables-a-la-placa-de-lera-de-batre\/","title":{"rendered":"<strong>Ja est\u00e0 en funcionament el punt de rec\u00e0rrega per a dos vehicles el\u00e8ctrics o h\u00edbrids endollables a la pla\u00e7a de l\u2019Era de Batre<\/strong>"},"content":{"rendered":"\n<p>L\u2019Ajuntament de la Bisbal del Pened\u00e8s ha instal\u00b7lat un punt de rec\u00e0rrega per a dos vehicles el\u00e8ctrics o h\u00edbrids endollables a la pla\u00e7a de l\u2019Era de Batre (al costat del Rac\u00f3 de la Gent Gran i el Consultori m\u00e8dic). Es tracta d\u2019un punt de rec\u00e0rrega exterior d\u2019Endesa amb dues sortides de rec\u00e0rrega i ha tingut un cost de 8.226,43\u20ac.<\/p>\n\n\n\n<p>L\u2019alcaldessa de la Bisbal del Pened\u00e8s, Agn\u00e8s Ferr\u00e9, ha explicat que <em>\u201caquesta actuaci\u00f3 s\u2019ha tirat endavant perqu\u00e8 va ser la proposta guanyadora als pressupostos participatius 2021 del nucli de la vila. No obstant aix\u00f2, Endesa ha trigat m\u00e9s d\u2019un any en posar-lo en funcionament\u201d.<\/em><\/p>\n\n\n\n<hr class=\"wp-block-separator has-alpha-channel-opacity\"\/>\n\n\n\n<p><strong>CASTELLANO | <\/strong>El Ayuntamiento de la Bisbal del Pened\u00e8s ha instalado un punto de recarga para dos veh\u00edculos el\u00e9ctricos o h\u00edbridos enchufables en la plaza de l\u2019Era de Batre (al lado del Rac\u00f3 de la Gent Gran y del consultorio m\u00e9dico). Se trata de un punto de recarga exterior de Endesa con dos salidas de recarga y ha tenido un coste de 8.226,43\u20ac.<\/p>\n\n\n\n<p>La alcaldesa de la Bisbal del Pened\u00e8s, Agn\u00e8s Ferr\u00e9, ha explicado que <em>\u201cesta actuaci\u00f3n se ha llevado a cabo porque fue la propuesta ganadora en los presupuestos participativos 2021 del n\u00facleo del municipio. No obstante, Endesa ha tardado m\u00e1s de un a\u00f1o en ponerlo en funcionamiento\u201d.<\/em><\/p>\n","protected":false},"excerpt":{"rendered":"<p>L\u2019Ajuntament de la Bisbal del Pened\u00e8s ha instal\u00b7lat un punt de rec\u00e0rrega per a dos vehicles el\u00e8ctrics o h\u00edbrids endollables a la pla\u00e7a de l\u2019Era de Batre (al costat del &hellip; <a href=\"https:\/\/bisbalpenedes.com\/web\/2023\/05\/29\/ja-esta-en-funcionament-el-punt-de-recarrega-per-a-dos-vehicles-electrics-o-hibrids-endollables-a-la-placa-de-lera-de-batre\/\" class=\"more-link\">Read More<\/a><\/p>\n","protected":false},"author":4,"featured_media":25812,"comment_status":"closed","ping_status":"closed","sticky":false,"template":"","format":"standard","meta":[],"categories":[4287,8],"tags":[459,2701,2888,393,1374,1048,5371,5369,6026],"_links":{"self":[{"href":"https:\/\/bisbalpenedes.com\/web\/wp-json\/wp\/v2\/posts\/25811"}],"collection":[{"href":"https:\/\/bisbalpenedes.com\/web\/wp-json\/wp\/v2\/posts"}],"about":[{"href":"https:\/\/bisbalpenedes.com\/web\/wp-json\/wp\/v2\/types\/post"}],"author":[{"embeddable":true,"href":"https:\/\/bisbalpenedes.com\/web\/wp-json\/wp\/v2\/users\/4"}],"replies":[{"embeddable":true,"href":"https:\/\/bisbalpenedes.com\/web\/wp-json\/wp\/v2\/comments?post=25811"}],"version-history":[{"count":1,"href":"https:\/\/bisbalpenedes.com\/web\/wp-json\/wp\/v2\/posts\/25811\/revisions"}],"predecessor-version":[{"id":25813,"href":"https:\/\/bisbalpenedes.com\/web\/wp-json\/wp\/v2\/posts\/25811\/revisions\/25813"}],"wp:featuredmedia":[{"embeddable":true,"href":"https:\/\/bisbalpenedes.com\/web\/wp-json\/wp\/v2\/media\/25812"}],"wp:attachment":[{"href":"https:\/\/bisbalpenedes.com\/web\/wp-json\/wp\/v2\/media?parent=25811"}],"wp:term":[{"taxonomy":"category","embeddable":true,"href":"https:\/\/bisbalpenedes.com\/web\/wp-json\/wp\/v2\/categories?post=25811"},{"taxonomy":"post_tag","embeddable":true,"href":"https:\/\/bisbalpenedes.com\/web\/wp-json\/wp\/v2\/tags?post=25811"}],"curies":[{"name":"wp","href":"https:\/\/api.w.org\/{rel}","templated":true}]}}