{"id":25798,"date":"2023-05-29T21:04:55","date_gmt":"2023-05-29T19:04:55","guid":{"rendered":"https:\/\/bisbalpenedes.com\/web\/?p=25798"},"modified":"2023-05-29T21:04:55","modified_gmt":"2023-05-29T19:04:55","slug":"les-inscripcions-per-a-la-festa-de-benvinguda-a-lestiu-de-lassociacio-de-la-gent-gran-es-tancaran-el-dimecres-31-de-maig","status":"publish","type":"post","link":"https:\/\/bisbalpenedes.com\/web\/2023\/05\/29\/les-inscripcions-per-a-la-festa-de-benvinguda-a-lestiu-de-lassociacio-de-la-gent-gran-es-tancaran-el-dimecres-31-de-maig\/","title":{"rendered":"Les inscripcions per a la festa de benvinguda a l&#8217;estiu de l&#8217;Associaci\u00f3 de la Gent Gran es tancaran el dimecres 31 de maig"},"content":{"rendered":"\n<p>Fins aquest dimecres us podeu apuntar a la festa de benvinguda a l&#8217;estiu de l&#8217;Associaci\u00f3 de la Gent Gran.<\/p>\n\n\n\n<hr class=\"wp-block-separator has-alpha-channel-opacity\"\/>\n\n\n\n<p>Hasta este mi\u00e9rcoles os pod\u00e9is apuntar a la fiesta de bienvenida al verano de la Associaci\u00f3 de la Gent Gran.<\/p>\n\n\n\n<p><\/p>\n","protected":false},"excerpt":{"rendered":"<p>Fins aquest dimecres us podeu apuntar a la festa de benvinguda a l&#8217;estiu de l&#8217;Associaci\u00f3 de la Gent Gran. Hasta este mi\u00e9rcoles os pod\u00e9is apuntar a la fiesta de bienvenida &hellip; <a href=\"https:\/\/bisbalpenedes.com\/web\/2023\/05\/29\/les-inscripcions-per-a-la-festa-de-benvinguda-a-lestiu-de-lassociacio-de-la-gent-gran-es-tancaran-el-dimecres-31-de-maig\/\" class=\"more-link\">Read More<\/a><\/p>\n","protected":false},"author":4,"featured_media":25799,"comment_status":"closed","ping_status":"closed","sticky":false,"template":"","format":"standard","meta":[],"categories":[20,464,8],"tags":[950,459,305,393],"_links":{"self":[{"href":"https:\/\/bisbalpenedes.com\/web\/wp-json\/wp\/v2\/posts\/25798"}],"collection":[{"href":"https:\/\/bisbalpenedes.com\/web\/wp-json\/wp\/v2\/posts"}],"about":[{"href":"https:\/\/bisbalpenedes.com\/web\/wp-json\/wp\/v2\/types\/post"}],"author":[{"embeddable":true,"href":"https:\/\/bisbalpenedes.com\/web\/wp-json\/wp\/v2\/users\/4"}],"replies":[{"embeddable":true,"href":"https:\/\/bisbalpenedes.com\/web\/wp-json\/wp\/v2\/comments?post=25798"}],"version-history":[{"count":1,"href":"https:\/\/bisbalpenedes.com\/web\/wp-json\/wp\/v2\/posts\/25798\/revisions"}],"predecessor-version":[{"id":25800,"href":"https:\/\/bisbalpenedes.com\/web\/wp-json\/wp\/v2\/posts\/25798\/revisions\/25800"}],"wp:featuredmedia":[{"embeddable":true,"href":"https:\/\/bisbalpenedes.com\/web\/wp-json\/wp\/v2\/media\/25799"}],"wp:attachment":[{"href":"https:\/\/bisbalpenedes.com\/web\/wp-json\/wp\/v2\/media?parent=25798"}],"wp:term":[{"taxonomy":"category","embeddable":true,"href":"https:\/\/bisbalpenedes.com\/web\/wp-json\/wp\/v2\/categories?post=25798"},{"taxonomy":"post_tag","embeddable":true,"href":"https:\/\/bisbalpenedes.com\/web\/wp-json\/wp\/v2\/tags?post=25798"}],"curies":[{"name":"wp","href":"https:\/\/api.w.org\/{rel}","templated":true}]}}