{"id":25768,"date":"2023-05-24T12:11:26","date_gmt":"2023-05-24T10:11:26","guid":{"rendered":"https:\/\/bisbalpenedes.com\/web\/?p=25768"},"modified":"2023-05-24T12:32:37","modified_gmt":"2023-05-24T10:32:37","slug":"aquest-divendres-26-de-maig-se-celebra-linterclub-de-boxa-al-club-de-boxa-de-la-bisbal","status":"publish","type":"post","link":"https:\/\/bisbalpenedes.com\/web\/2023\/05\/24\/aquest-divendres-26-de-maig-se-celebra-linterclub-de-boxa-al-club-de-boxa-de-la-bisbal\/","title":{"rendered":"Aquest divendres 26 de maig se celebra l&#8217;interclub de boxa al Club de Boxa de la Bisbal"},"content":{"rendered":"\n<p>Aquest divendres 26 de maig, a partir de les 18:30h, tindr\u00e0 lloc la 3a edici\u00f3 de l&#8217;interclub de boxa al Club de Boxa (avinguda de la Diputaci\u00f3, 7).<\/p>\n\n\n\n<hr class=\"wp-block-separator has-alpha-channel-opacity\"\/>\n\n\n\n<p>Este viernes 26 de mayo, a partir de las 18:30h, tendr\u00e1 lugar la 3a edici\u00f3n del inter club de boxeo en el Club de Boxa (avenida de la Diputaci\u00f3, 7).<\/p>\n\n\n\n<figure class=\"wp-block-image size-large\"><img loading=\"lazy\" width=\"724\" height=\"1024\" src=\"https:\/\/bisbalpenedes.com\/web\/wp-content\/uploads\/2023\/05\/WhatsApp-Image-2023-05-23-at-17.20.26-1-724x1024.jpeg\" alt=\"\" class=\"wp-image-25769\" srcset=\"https:\/\/bisbalpenedes.com\/web\/wp-content\/uploads\/2023\/05\/WhatsApp-Image-2023-05-23-at-17.20.26-1-724x1024.jpeg 724w, https:\/\/bisbalpenedes.com\/web\/wp-content\/uploads\/2023\/05\/WhatsApp-Image-2023-05-23-at-17.20.26-1-212x300.jpeg 212w, https:\/\/bisbalpenedes.com\/web\/wp-content\/uploads\/2023\/05\/WhatsApp-Image-2023-05-23-at-17.20.26-1-768x1086.jpeg 768w, https:\/\/bisbalpenedes.com\/web\/wp-content\/uploads\/2023\/05\/WhatsApp-Image-2023-05-23-at-17.20.26-1-1086x1536.jpeg 1086w, https:\/\/bisbalpenedes.com\/web\/wp-content\/uploads\/2023\/05\/WhatsApp-Image-2023-05-23-at-17.20.26-1-600x849.jpeg 600w, https:\/\/bisbalpenedes.com\/web\/wp-content\/uploads\/2023\/05\/WhatsApp-Image-2023-05-23-at-17.20.26-1.jpeg 1131w\" sizes=\"(max-width: 724px) 100vw, 724px\" \/><\/figure>\n","protected":false},"excerpt":{"rendered":"<p>Aquest divendres 26 de maig, a partir de les 18:30h, tindr\u00e0 lloc la 3a edici\u00f3 de l&#8217;interclub de boxa al Club de Boxa (avinguda de la Diputaci\u00f3, 7). Este viernes &hellip; <a href=\"https:\/\/bisbalpenedes.com\/web\/2023\/05\/24\/aquest-divendres-26-de-maig-se-celebra-linterclub-de-boxa-al-club-de-boxa-de-la-bisbal\/\" class=\"more-link\">Read More<\/a><\/p>\n","protected":false},"author":4,"featured_media":25776,"comment_status":"closed","ping_status":"closed","sticky":false,"template":"","format":"standard","meta":[],"categories":[20,19,8],"tags":[5248,6019,393],"_links":{"self":[{"href":"https:\/\/bisbalpenedes.com\/web\/wp-json\/wp\/v2\/posts\/25768"}],"collection":[{"href":"https:\/\/bisbalpenedes.com\/web\/wp-json\/wp\/v2\/posts"}],"about":[{"href":"https:\/\/bisbalpenedes.com\/web\/wp-json\/wp\/v2\/types\/post"}],"author":[{"embeddable":true,"href":"https:\/\/bisbalpenedes.com\/web\/wp-json\/wp\/v2\/users\/4"}],"replies":[{"embeddable":true,"href":"https:\/\/bisbalpenedes.com\/web\/wp-json\/wp\/v2\/comments?post=25768"}],"version-history":[{"count":2,"href":"https:\/\/bisbalpenedes.com\/web\/wp-json\/wp\/v2\/posts\/25768\/revisions"}],"predecessor-version":[{"id":25775,"href":"https:\/\/bisbalpenedes.com\/web\/wp-json\/wp\/v2\/posts\/25768\/revisions\/25775"}],"wp:featuredmedia":[{"embeddable":true,"href":"https:\/\/bisbalpenedes.com\/web\/wp-json\/wp\/v2\/media\/25776"}],"wp:attachment":[{"href":"https:\/\/bisbalpenedes.com\/web\/wp-json\/wp\/v2\/media?parent=25768"}],"wp:term":[{"taxonomy":"category","embeddable":true,"href":"https:\/\/bisbalpenedes.com\/web\/wp-json\/wp\/v2\/categories?post=25768"},{"taxonomy":"post_tag","embeddable":true,"href":"https:\/\/bisbalpenedes.com\/web\/wp-json\/wp\/v2\/tags?post=25768"}],"curies":[{"name":"wp","href":"https:\/\/api.w.org\/{rel}","templated":true}]}}