{"id":25764,"date":"2023-05-24T12:05:24","date_gmt":"2023-05-24T10:05:24","guid":{"rendered":"https:\/\/bisbalpenedes.com\/web\/?p=25764"},"modified":"2023-05-24T12:05:24","modified_gmt":"2023-05-24T10:05:24","slug":"el-diumenge-28-de-maig-hi-haura-servei-de-bus-gratuit-per-anar-a-votar","status":"publish","type":"post","link":"https:\/\/bisbalpenedes.com\/web\/2023\/05\/24\/el-diumenge-28-de-maig-hi-haura-servei-de-bus-gratuit-per-anar-a-votar\/","title":{"rendered":"El diumenge 28 de maig hi haur\u00e0 servei de bus gratu\u00eft per anar a votar"},"content":{"rendered":"\n<p>Amb motiu de les eleccions municipals, aquest diumenge 28 de maig hi haur\u00e0 servei de bus gratu\u00eft (d&#8217;anada i tornada) des de totes les parades de bus urb\u00e0 fins a la parada del consultori. Us adjuntem els horaris.<\/p>\n\n\n\n<hr class=\"wp-block-separator has-alpha-channel-opacity\"\/>\n\n\n\n<p>Con motivo de las elecciones municipales, este domingo 28 de mayo habr\u00e1 servicio de bus gratuito (de ida y vuelta) desde todas las paradas de bus urbano hasta la parada del consultorio. Os adjuntamos los horarios.<\/p>\n\n\n\n<figure class=\"wp-block-image size-large\"><img loading=\"lazy\" width=\"1024\" height=\"1024\" src=\"https:\/\/bisbalpenedes.com\/web\/wp-content\/uploads\/2023\/05\/HORARI-SERVEI-BUS-VOTAR-1024x1024.png\" alt=\"\" class=\"wp-image-25765\" srcset=\"https:\/\/bisbalpenedes.com\/web\/wp-content\/uploads\/2023\/05\/HORARI-SERVEI-BUS-VOTAR-1024x1024.png 1024w, https:\/\/bisbalpenedes.com\/web\/wp-content\/uploads\/2023\/05\/HORARI-SERVEI-BUS-VOTAR-300x300.png 300w, https:\/\/bisbalpenedes.com\/web\/wp-content\/uploads\/2023\/05\/HORARI-SERVEI-BUS-VOTAR-150x150.png 150w, https:\/\/bisbalpenedes.com\/web\/wp-content\/uploads\/2023\/05\/HORARI-SERVEI-BUS-VOTAR-768x768.png 768w, https:\/\/bisbalpenedes.com\/web\/wp-content\/uploads\/2023\/05\/HORARI-SERVEI-BUS-VOTAR-600x600.png 600w, https:\/\/bisbalpenedes.com\/web\/wp-content\/uploads\/2023\/05\/HORARI-SERVEI-BUS-VOTAR-100x100.png 100w, https:\/\/bisbalpenedes.com\/web\/wp-content\/uploads\/2023\/05\/HORARI-SERVEI-BUS-VOTAR.png 1080w\" sizes=\"(max-width: 1024px) 100vw, 1024px\" \/><\/figure>\n","protected":false},"excerpt":{"rendered":"<p>Amb motiu de les eleccions municipals, aquest diumenge 28 de maig hi haur\u00e0 servei de bus gratu\u00eft (d&#8217;anada i tornada) des de totes les parades de bus urb\u00e0 fins a &hellip; <a href=\"https:\/\/bisbalpenedes.com\/web\/2023\/05\/24\/el-diumenge-28-de-maig-hi-haura-servei-de-bus-gratuit-per-anar-a-votar\/\" class=\"more-link\">Read More<\/a><\/p>\n","protected":false},"author":4,"featured_media":25766,"comment_status":"closed","ping_status":"closed","sticky":false,"template":"","format":"standard","meta":[],"categories":[2402,8,2711],"tags":[788,821,2575,393,2084,6018],"_links":{"self":[{"href":"https:\/\/bisbalpenedes.com\/web\/wp-json\/wp\/v2\/posts\/25764"}],"collection":[{"href":"https:\/\/bisbalpenedes.com\/web\/wp-json\/wp\/v2\/posts"}],"about":[{"href":"https:\/\/bisbalpenedes.com\/web\/wp-json\/wp\/v2\/types\/post"}],"author":[{"embeddable":true,"href":"https:\/\/bisbalpenedes.com\/web\/wp-json\/wp\/v2\/users\/4"}],"replies":[{"embeddable":true,"href":"https:\/\/bisbalpenedes.com\/web\/wp-json\/wp\/v2\/comments?post=25764"}],"version-history":[{"count":1,"href":"https:\/\/bisbalpenedes.com\/web\/wp-json\/wp\/v2\/posts\/25764\/revisions"}],"predecessor-version":[{"id":25767,"href":"https:\/\/bisbalpenedes.com\/web\/wp-json\/wp\/v2\/posts\/25764\/revisions\/25767"}],"wp:featuredmedia":[{"embeddable":true,"href":"https:\/\/bisbalpenedes.com\/web\/wp-json\/wp\/v2\/media\/25766"}],"wp:attachment":[{"href":"https:\/\/bisbalpenedes.com\/web\/wp-json\/wp\/v2\/media?parent=25764"}],"wp:term":[{"taxonomy":"category","embeddable":true,"href":"https:\/\/bisbalpenedes.com\/web\/wp-json\/wp\/v2\/categories?post=25764"},{"taxonomy":"post_tag","embeddable":true,"href":"https:\/\/bisbalpenedes.com\/web\/wp-json\/wp\/v2\/tags?post=25764"}],"curies":[{"name":"wp","href":"https:\/\/api.w.org\/{rel}","templated":true}]}}