{"id":25760,"date":"2023-05-22T23:10:08","date_gmt":"2023-05-22T21:10:08","guid":{"rendered":"https:\/\/bisbalpenedes.com\/web\/?p=25760"},"modified":"2023-05-22T23:10:08","modified_gmt":"2023-05-22T21:10:08","slug":"el-proper-dijous-25-de-maig-se-celebrara-un-ple-extraordinari","status":"publish","type":"post","link":"https:\/\/bisbalpenedes.com\/web\/2023\/05\/22\/el-proper-dijous-25-de-maig-se-celebrara-un-ple-extraordinari\/","title":{"rendered":"<strong>El proper dijous 25 de maig se celebrar\u00e0 un Ple extraordinari<\/strong>"},"content":{"rendered":"\n<p>El proper dijous 25 de maig, a les 9h, se celebrar\u00e0 un Ple extraordinari a l\u2019Ajuntament de la Bisbal del Pened\u00e8s amb un \u00fanic punt a l\u2019ordre del dia:<\/p>\n\n\n\n<p><span style=\"text-decoration: underline;\">Punt 1:\u00a0<\/span>No\u00a0acceptar\u00a0la\u00a0sol\u00b7licitud\u00a0de\u00a0modificaci\u00f3\u00a0de\u00a0tarifes\u00a0proposada per FCC-Aqualia S.A., l\u2019empresa concession\u00e0ria del servei d\u2019abastiment d\u2019aigua potable del municipi.<\/p>\n\n\n\n<p>El divendres 19 de maig, l\u2019alcaldessa va enviar un correu electr\u00f2nic als grups pol\u00edtics del Consistori per informar-los que aquest dilluns es convocaria el Ple extraordinari per al proper dijous i explicant-los que, tot i ser una setmana electoral, s\u2019havia de convocar per tal de poder desestimar la proposta dins del termini establert.<\/p>\n\n\n\n<hr class=\"wp-block-separator has-alpha-channel-opacity\"\/>\n\n\n\n<p><strong>CASTELLANO |<\/strong> El pr\u00f3ximo jueves 25 de mayo, a las 9h, se celebrar\u00e1 un Pleno extraordinario en el Ayuntamiento de la Bisbal del Pened\u00e8s con un \u00fanico punto en el orden del d\u00eda:<\/p>\n\n\n\n<p><span style=\"text-decoration: underline;\">Punto 1: <\/span>No aceptar la solicitud de modificaci\u00f3n de tarifas propuesta por FCC-Aqualia S.A., la empresa concesionaria del servicio de abastecimiento de agua potable del municipio.<\/p>\n\n\n\n<p>El viernes 19 de mayo, la alcaldesa mand\u00f3 un correo electr\u00f3nico a los grupos pol\u00edticos del Consistorio para informarles que este lunes se convocar\u00eda el Pleno extraordinario para el pr\u00f3ximo jueves y explic\u00e1ndoles que, aun siendo una semana electoral, se ten\u00eda que convocar con tal de poder desestimar la propuesta dentro del plazo establecido.<\/p>\n","protected":false},"excerpt":{"rendered":"<p>El proper dijous 25 de maig, a les 9h, se celebrar\u00e0 un Ple extraordinari a l\u2019Ajuntament de la Bisbal del Pened\u00e8s amb un \u00fanic punt a l\u2019ordre del dia: Punt &hellip; <a href=\"https:\/\/bisbalpenedes.com\/web\/2023\/05\/22\/el-proper-dijous-25-de-maig-se-celebrara-un-ple-extraordinari\/\" class=\"more-link\">Read More<\/a><\/p>\n","protected":false},"author":4,"featured_media":20647,"comment_status":"closed","ping_status":"closed","sticky":false,"template":"","format":"standard","meta":[],"categories":[2402,8,2251,2250],"tags":[459,393,1374,139,423],"_links":{"self":[{"href":"https:\/\/bisbalpenedes.com\/web\/wp-json\/wp\/v2\/posts\/25760"}],"collection":[{"href":"https:\/\/bisbalpenedes.com\/web\/wp-json\/wp\/v2\/posts"}],"about":[{"href":"https:\/\/bisbalpenedes.com\/web\/wp-json\/wp\/v2\/types\/post"}],"author":[{"embeddable":true,"href":"https:\/\/bisbalpenedes.com\/web\/wp-json\/wp\/v2\/users\/4"}],"replies":[{"embeddable":true,"href":"https:\/\/bisbalpenedes.com\/web\/wp-json\/wp\/v2\/comments?post=25760"}],"version-history":[{"count":1,"href":"https:\/\/bisbalpenedes.com\/web\/wp-json\/wp\/v2\/posts\/25760\/revisions"}],"predecessor-version":[{"id":25762,"href":"https:\/\/bisbalpenedes.com\/web\/wp-json\/wp\/v2\/posts\/25760\/revisions\/25762"}],"wp:featuredmedia":[{"embeddable":true,"href":"https:\/\/bisbalpenedes.com\/web\/wp-json\/wp\/v2\/media\/20647"}],"wp:attachment":[{"href":"https:\/\/bisbalpenedes.com\/web\/wp-json\/wp\/v2\/media?parent=25760"}],"wp:term":[{"taxonomy":"category","embeddable":true,"href":"https:\/\/bisbalpenedes.com\/web\/wp-json\/wp\/v2\/categories?post=25760"},{"taxonomy":"post_tag","embeddable":true,"href":"https:\/\/bisbalpenedes.com\/web\/wp-json\/wp\/v2\/tags?post=25760"}],"curies":[{"name":"wp","href":"https:\/\/api.w.org\/{rel}","templated":true}]}}