{"id":25754,"date":"2023-05-19T12:37:45","date_gmt":"2023-05-19T10:37:45","guid":{"rendered":"https:\/\/bisbalpenedes.com\/web\/?p=25754"},"modified":"2023-05-19T12:37:45","modified_gmt":"2023-05-19T10:37:45","slug":"el-tribunal-ha-valorat-els-merits-i-ha-proposat-la-persona-amb-la-puntuacio-mes-alta-per-ocupar-la-placa-doperari-aria-de-custodia-dedificis-escolars","status":"publish","type":"post","link":"https:\/\/bisbalpenedes.com\/web\/2023\/05\/19\/el-tribunal-ha-valorat-els-merits-i-ha-proposat-la-persona-amb-la-puntuacio-mes-alta-per-ocupar-la-placa-doperari-aria-de-custodia-dedificis-escolars\/","title":{"rendered":"El Tribunal ha valorat els m\u00e8rits i ha proposat la persona amb la puntuaci\u00f3 m\u00e9s alta per ocupar la pla\u00e7a d\u2019operari\/\u00e0ria de cust\u00f2dia d\u2019edificis escolars"},"content":{"rendered":"\n<p>Aquest dijous 18 de maig ha sortit publicat, al Butllet\u00ed Oficial de la Prov\u00edncia de Tarragona (BOP), el resultat del proc\u00e9s selectiu, mitjan\u00e7ant concurs-oposici\u00f3, per a la provisi\u00f3 de la pla\u00e7a d\u2019operari\/\u00e0ria de cust\u00f2dia d\u2019edificis escolars, grup AP, en r\u00e8gim laboral fix.<\/p>\n\n\n\n<p>Les 11 persones presentades van ser admeses en el proc\u00e9s selectiu i el Tribunal ha valorat el m\u00e8rit de totes elles.<\/p>\n\n\n\n<p>El Tribunal est\u00e0 format per un funcionari de la Diputaci\u00f3 de Tarragona, un funcionari d\u2019un ajuntament de la comarca i un funcionari de l\u2019Ajuntament de la Bisbal del Pened\u00e8s, i ha proposat la persona candidata amb m\u00e9s puntuaci\u00f3 per cobrir la pla\u00e7a.<\/p>\n\n\n\n<p>El candidat t\u00e9 un termini m\u00e0xim de vint dies h\u00e0bils des de l\u2019endem\u00e0 de la publicaci\u00f3 del resultat del proc\u00e9s selectiu al Butllet\u00ed Oficial de la Prov\u00edncia de Tarragona (BOPT) per presentar la documentaci\u00f3 exigida.<\/p>\n\n\n\n<p>Enlla\u00e7 a la publicaci\u00f3 del BOP: <a href=\"https:\/\/www.diputaciodetarragona.cat\/ebop\/index.php?op=dwn&amp;tipus=i&amp;data=20230518&amp;anyp=2023&amp;num=04116&amp;v=i\">https:\/\/www.diputaciodetarragona.cat\/ebop\/index.php?op=dwn&amp;tipus=i&amp;data=20230518&amp;anyp=2023&amp;num=04116&amp;v=i<\/a><\/p>\n\n\n\n<hr class=\"wp-block-separator has-alpha-channel-opacity\"\/>\n\n\n\n<p><strong>CASTELLANO | <\/strong>Este jueves 18 de mayo ha salido publicado, en el Bolet\u00edn Oficial de la Provincia de Tarragona (BOP), el resultado del proceso selectivo, mediante concurso-oposici\u00f3n, para la provisi\u00f3n de la plaza de operario\/aria de custodia de edificios escolares, grupo AP, en r\u00e9gimen laboral fijo.<\/p>\n\n\n\n<p>Las 11 personas presentadas fueron admitidas en el proceso selectivo y el Tribunal ha valorado el m\u00e9rito de todas ellas.<\/p>\n\n\n\n<p>El Tribunal est\u00e1 formado por un funcionario de la Diputaci\u00f3n de Tarragona, un funcionario de un ayuntamiento de la comarca y un funcionario del Ayuntamiento de la Bisbal del Pened\u00e8s, y ha propuesto a la persona candidata con m\u00e1s puntuaci\u00f3n para cubrir la plaza.<\/p>\n\n\n\n<p>El candidato tiene un plazo m\u00e1ximo de veinte d\u00edas h\u00e1biles desde el d\u00eda siguiente de la publicaci\u00f3n del resultado del proceso selectivo en el Bolet\u00edn Oficial de la Provincia de Tarragona (BOPT) para presentar la documentaci\u00f3n exigida.<\/p>\n\n\n\n<p>Enlace a la publicaci\u00f3n del BOP:<\/p>\n\n\n\n<p><a href=\"https:\/\/www.diputaciodetarragona.cat\/ebop\/index.php?op=dwn&amp;tipus=i&amp;data=20230518&amp;anyp=2023&amp;num=04116&amp;v=i\">https:\/\/www.diputaciodetarragona.cat\/ebop\/index.php?op=dwn&amp;tipus=i&amp;data=20230518&amp;anyp=2023&amp;num=04116&amp;v=i<\/a><\/p>\n","protected":false},"excerpt":{"rendered":"<p>Aquest dijous 18 de maig ha sortit publicat, al Butllet\u00ed Oficial de la Prov\u00edncia de Tarragona (BOP), el resultat del proc\u00e9s selectiu, mitjan\u00e7ant concurs-oposici\u00f3, per a la provisi\u00f3 de la &hellip; <a href=\"https:\/\/bisbalpenedes.com\/web\/2023\/05\/19\/el-tribunal-ha-valorat-els-merits-i-ha-proposat-la-persona-amb-la-puntuacio-mes-alta-per-ocupar-la-placa-doperari-aria-de-custodia-dedificis-escolars\/\" class=\"more-link\">Read More<\/a><\/p>\n","protected":false},"author":4,"featured_media":25755,"comment_status":"closed","ping_status":"closed","sticky":false,"template":"","format":"standard","meta":[],"categories":[8],"tags":[459,65,6017,393,1374,407],"_links":{"self":[{"href":"https:\/\/bisbalpenedes.com\/web\/wp-json\/wp\/v2\/posts\/25754"}],"collection":[{"href":"https:\/\/bisbalpenedes.com\/web\/wp-json\/wp\/v2\/posts"}],"about":[{"href":"https:\/\/bisbalpenedes.com\/web\/wp-json\/wp\/v2\/types\/post"}],"author":[{"embeddable":true,"href":"https:\/\/bisbalpenedes.com\/web\/wp-json\/wp\/v2\/users\/4"}],"replies":[{"embeddable":true,"href":"https:\/\/bisbalpenedes.com\/web\/wp-json\/wp\/v2\/comments?post=25754"}],"version-history":[{"count":1,"href":"https:\/\/bisbalpenedes.com\/web\/wp-json\/wp\/v2\/posts\/25754\/revisions"}],"predecessor-version":[{"id":25756,"href":"https:\/\/bisbalpenedes.com\/web\/wp-json\/wp\/v2\/posts\/25754\/revisions\/25756"}],"wp:featuredmedia":[{"embeddable":true,"href":"https:\/\/bisbalpenedes.com\/web\/wp-json\/wp\/v2\/media\/25755"}],"wp:attachment":[{"href":"https:\/\/bisbalpenedes.com\/web\/wp-json\/wp\/v2\/media?parent=25754"}],"wp:term":[{"taxonomy":"category","embeddable":true,"href":"https:\/\/bisbalpenedes.com\/web\/wp-json\/wp\/v2\/categories?post=25754"},{"taxonomy":"post_tag","embeddable":true,"href":"https:\/\/bisbalpenedes.com\/web\/wp-json\/wp\/v2\/tags?post=25754"}],"curies":[{"name":"wp","href":"https:\/\/api.w.org\/{rel}","templated":true}]}}