{"id":25752,"date":"2023-05-18T15:49:34","date_gmt":"2023-05-18T13:49:34","guid":{"rendered":"https:\/\/bisbalpenedes.com\/web\/?p=25752"},"modified":"2023-05-18T15:49:34","modified_gmt":"2023-05-18T13:49:34","slug":"preus-del-bus-urba-a-partir-del-divendres-19-de-maig","status":"publish","type":"post","link":"https:\/\/bisbalpenedes.com\/web\/2023\/05\/18\/preus-del-bus-urba-a-partir-del-divendres-19-de-maig\/","title":{"rendered":"Preus del bus urb\u00e0 a partir del divendres 19 de maig"},"content":{"rendered":"\n<p>Els preus del bus aprovats en el Ple del 20 de mar\u00e7 de 2023 ja s&#8217;han aprovat definitivament i entren en vigor aquest divendres 19 de maig. S\u00f3n els seg\u00fcents:<\/p>\n\n\n\n<ul><li>Bitllet senzill: 1\u20ac<\/li><li>Abonament 10 viatges: 6\u20ac<\/li><li>Abonament 50 viatges: 25\u20ac<\/li><\/ul>\n\n\n\n<p>Les persones amb una discapacitat igual o superior al 33% comptaran amb una bonificaci\u00f3 del 100%. Per beneficiar-se d&#8217;aquesta bonificaci\u00f3 hauran de personar-se a l&#8217;Ajuntament de la Bisbal del Pened\u00e8s amb el certificat de discapacitat i rebran una targeta per ensenyar al conductor o conductora del bus.<\/p>\n\n\n\n<p>*Els abonaments de 10 i 50 viatges no caduquen, es poden continuar fent servir l&#8217;any vinent.<\/p>\n\n\n\n<p>*Els t\u00edtols de transport \u00fanicament tindran validesa al servei col\u00b7lectiu urb\u00e0 de la Bisbal del Pened\u00e8s i no es poden utilitzar als serveis integrats.<\/p>\n\n\n\n<hr class=\"wp-block-separator has-alpha-channel-opacity\"\/>\n\n\n\n<p><strong>CASTELLANO |<\/strong>\u00a0Los precios del bus aprobados en el Pleno del 20 de marzo de 2023 ya se han aprobado definitivamente y entran en vigor este viernes 19 de mayo. Son los siguientes:<\/p>\n\n\n\n<ul><li>Billete sencillo: 1\u20ac<\/li><li>Bono 10 viajes: 6\u20ac<\/li><li>Bono 50 viajes: 25\u20ac<\/li><\/ul>\n\n\n\n<p>Las personas con una discapacidad igual o superior al 33% contar\u00e1n con una bonificaci\u00f3n del 100%. Para beneficiarse de dicha bonificaci\u00f3n tendr\u00e1n que personarse en el Ayuntamiento de la Bisbal del Pened\u00e8s con el certificado de discapacidad y recibir\u00e1n una tarjeta para ense\u00f1\u00e1rsela al conductor o conductora del bus.<\/p>\n\n\n\n<p>*Los bonos de 10 y 50 viajes no caducan, se pueden seguir utilizando el a\u00f1o que viene.<\/p>\n\n\n\n<p>*Los t\u00edtulos de transporte \u00fanicamente tendr\u00e1n validez en el servicio colectivo urbano de la Bisbal del Pened\u00e8s y no se pueden utilizar en los servicios integrados.<\/p>\n\n\n\n<p><\/p>\n","protected":false},"excerpt":{"rendered":"<p>Els preus del bus aprovats en el Ple del 20 de mar\u00e7 de 2023 ja s&#8217;han aprovat definitivament i entren en vigor aquest divendres 19 de maig. S\u00f3n els seg\u00fcents: &hellip; <a href=\"https:\/\/bisbalpenedes.com\/web\/2023\/05\/18\/preus-del-bus-urba-a-partir-del-divendres-19-de-maig\/\" class=\"more-link\">Read More<\/a><\/p>\n","protected":false},"author":4,"featured_media":19175,"comment_status":"closed","ping_status":"closed","sticky":false,"template":"","format":"standard","meta":[],"categories":[3482,8],"tags":[787,459,727,821,393,1374,766,825],"_links":{"self":[{"href":"https:\/\/bisbalpenedes.com\/web\/wp-json\/wp\/v2\/posts\/25752"}],"collection":[{"href":"https:\/\/bisbalpenedes.com\/web\/wp-json\/wp\/v2\/posts"}],"about":[{"href":"https:\/\/bisbalpenedes.com\/web\/wp-json\/wp\/v2\/types\/post"}],"author":[{"embeddable":true,"href":"https:\/\/bisbalpenedes.com\/web\/wp-json\/wp\/v2\/users\/4"}],"replies":[{"embeddable":true,"href":"https:\/\/bisbalpenedes.com\/web\/wp-json\/wp\/v2\/comments?post=25752"}],"version-history":[{"count":1,"href":"https:\/\/bisbalpenedes.com\/web\/wp-json\/wp\/v2\/posts\/25752\/revisions"}],"predecessor-version":[{"id":25753,"href":"https:\/\/bisbalpenedes.com\/web\/wp-json\/wp\/v2\/posts\/25752\/revisions\/25753"}],"wp:featuredmedia":[{"embeddable":true,"href":"https:\/\/bisbalpenedes.com\/web\/wp-json\/wp\/v2\/media\/19175"}],"wp:attachment":[{"href":"https:\/\/bisbalpenedes.com\/web\/wp-json\/wp\/v2\/media?parent=25752"}],"wp:term":[{"taxonomy":"category","embeddable":true,"href":"https:\/\/bisbalpenedes.com\/web\/wp-json\/wp\/v2\/categories?post=25752"},{"taxonomy":"post_tag","embeddable":true,"href":"https:\/\/bisbalpenedes.com\/web\/wp-json\/wp\/v2\/tags?post=25752"}],"curies":[{"name":"wp","href":"https:\/\/api.w.org\/{rel}","templated":true}]}}