{"id":25742,"date":"2023-05-16T14:20:00","date_gmt":"2023-05-16T12:20:00","guid":{"rendered":"https:\/\/bisbalpenedes.com\/web\/?p=25742"},"modified":"2023-05-16T14:26:22","modified_gmt":"2023-05-16T12:26:22","slug":"la-junta-de-govern-extraordinaria-dahir-dilluns-15-de-maig-de-2023-contenia-dues-propostes-amb-competencia-delegada-del-ple","status":"publish","type":"post","link":"https:\/\/bisbalpenedes.com\/web\/2023\/05\/16\/la-junta-de-govern-extraordinaria-dahir-dilluns-15-de-maig-de-2023-contenia-dues-propostes-amb-competencia-delegada-del-ple\/","title":{"rendered":"La Junta de Govern extraordin\u00e0ria d\u2019ahir dilluns 15 de maig de 2023 va aprovar dues propostes amb compet\u00e8ncia delegada del Ple"},"content":{"rendered":"\n<p>La Junta de Govern extraordin\u00e0ria d\u2019ahir dilluns 15 de maig de 2023 contenia dues propostes amb compet\u00e8ncia delegada del Ple a la Junta de Govern (acord plenari del 4 de juliol de 2019). S\u00f3n les seg\u00fcents:<\/p>\n\n\n\n<p>-Adjudicaci\u00f3 definitiva de les obres de millora de la xarxa d&#8217;aigua al Priorat i Can Gordei: <\/p>\n\n\n\n<figure class=\"wp-block-embed is-type-video is-provider-youtube wp-block-embed-youtube wp-embed-aspect-16-9 wp-has-aspect-ratio\"><div class=\"wp-block-embed__wrapper\">\n<iframe loading=\"lazy\" title=\"Propostes de la Junta de Govern extraordin\u00e0ria del 15\/05\/23 amb compet\u00e8ncia delegada del Ple\" width=\"1170\" height=\"658\" src=\"https:\/\/www.youtube.com\/embed\/VlnQ0-3iBOA?feature=oembed\" frameborder=\"0\" allow=\"accelerometer; autoplay; clipboard-write; encrypted-media; gyroscope; picture-in-picture; web-share\" allowfullscreen><\/iframe>\n<\/div><\/figure>\n\n\n\n<p><\/p>\n\n\n\n<p>-Licitaci\u00f3 de les obres de canvi de la xarxa d&#8217;aigua, soterrament de l&#8217;enllumenat p\u00fablic i infraestructures per soterrament de serveis del barri de la Riba: <\/p>\n\n\n\n<figure class=\"wp-block-embed is-type-video is-provider-youtube wp-block-embed-youtube wp-embed-aspect-16-9 wp-has-aspect-ratio\"><div class=\"wp-block-embed__wrapper\">\n<iframe loading=\"lazy\" title=\"Propostes  de la Junta de Govern extraordin\u00e0ria del 15\/05\/23 amb compet\u00e8ncia delegada del Ple\" width=\"1170\" height=\"658\" src=\"https:\/\/www.youtube.com\/embed\/qdcJOhZ9Z88?feature=oembed\" frameborder=\"0\" allow=\"accelerometer; autoplay; clipboard-write; encrypted-media; gyroscope; picture-in-picture; web-share\" allowfullscreen><\/iframe>\n<\/div><\/figure>\n\n\n\n<p>Les sessions de la Junta de Govern Local no s\u00f3n p\u00fabliques, per\u00f2 quan actua amb compet\u00e8ncies delegades del Ple, la sessi\u00f3 se sotmet als mateixos requisits de publicitat que les sessions del Ple, que s\u00f3n p\u00fabliques. Aix\u00ed ho va declarar la STS 161\/2013, de 26 de setembre. Per aquest motiu, els regidors de l&#8217;oposici\u00f3 van rebre un correu electr\u00f2nic de l&#8217;alcaldessa Agn\u00e8s Ferr\u00e9 amb informaci\u00f3 sobre la proposta i tamb\u00e9 es van obrir les portes de la sala de Plens a les 18:45h per tal que pogu\u00e9s assistir p\u00fablic. Aquest punt es va gravar i ara s\u2019han publicat els v\u00eddeos a Youtube amb l&#8217;objectiu de garantir la seva publicitat.<\/p>\n\n\n\n<hr class=\"wp-block-separator has-alpha-channel-opacity\"\/>\n\n\n\n<p><strong>CASTELLANO | <\/strong>La Junta de Gobierno extraordinaria de ayer lunes 15 de mayo de 2023 conten\u00eda dos propuestas con competencia delegada del Pleno a la Junta de Gobierno (acuerdo plenario del 4 de julio de 2019). Son las siguientes:<\/p>\n\n\n\n<p>-Adjudicaci\u00f3n definitiva de las obras de mejora de la red de agua del Priorat y Can Gordei: <\/p>\n\n\n\n<figure class=\"wp-block-embed is-type-video is-provider-youtube wp-block-embed-youtube wp-embed-aspect-16-9 wp-has-aspect-ratio\"><div class=\"wp-block-embed__wrapper\">\n<iframe loading=\"lazy\" title=\"Propostes de la Junta de Govern extraordin\u00e0ria del 15\/05\/23 amb compet\u00e8ncia delegada del Ple\" width=\"1170\" height=\"658\" src=\"https:\/\/www.youtube.com\/embed\/VlnQ0-3iBOA?feature=oembed\" frameborder=\"0\" allow=\"accelerometer; autoplay; clipboard-write; encrypted-media; gyroscope; picture-in-picture; web-share\" allowfullscreen><\/iframe>\n<\/div><\/figure>\n\n\n\n<p>-Licitaci\u00f3n de las obras de cambio de la red de agua, soterramiento del alumbrado p\u00fablico e infraestructuras para soterramiento de servicios del barrio de la Riba: <\/p>\n\n\n\n<figure class=\"wp-block-embed is-type-video is-provider-youtube wp-block-embed-youtube wp-embed-aspect-16-9 wp-has-aspect-ratio\"><div class=\"wp-block-embed__wrapper\">\n<iframe loading=\"lazy\" title=\"Propostes  de la Junta de Govern extraordin\u00e0ria del 15\/05\/23 amb compet\u00e8ncia delegada del Ple\" width=\"1170\" height=\"658\" src=\"https:\/\/www.youtube.com\/embed\/qdcJOhZ9Z88?feature=oembed\" frameborder=\"0\" allow=\"accelerometer; autoplay; clipboard-write; encrypted-media; gyroscope; picture-in-picture; web-share\" allowfullscreen><\/iframe>\n<\/div><\/figure>\n\n\n\n<p>Las sesiones de la Junta de Gobierno Local no son p\u00fablicas, pero cuando act\u00faa con competencias delegadas del Pleno, la sesi\u00f3n se somete a los mismos requisitos de publicidad que las sesiones del Pleno, que son p\u00fablicas. As\u00ed lo declar\u00f3 la STS 161\/2013, de 26 de septiembre. Por este motivo, los concejales de la oposici\u00f3n recibieron un correo electr\u00f3nico de la alcaldesa Agn\u00e8s Ferr\u00e9 con informaci\u00f3n sobre la propuesta y tambi\u00e9n se abrieron las puertas de la sala de Plenos a las 18:45h con tal que pudiese asistir p\u00fablico. Este punto se grab\u00f3 y ahora se han publicado los v\u00eddeos en Youtube con el objetivo de garantizar su publicidad.<\/p>\n","protected":false},"excerpt":{"rendered":"<p>La Junta de Govern extraordin\u00e0ria d\u2019ahir dilluns 15 de maig de 2023 contenia dues propostes amb compet\u00e8ncia delegada del Ple a la Junta de Govern (acord plenari del 4 de &hellip; <a href=\"https:\/\/bisbalpenedes.com\/web\/2023\/05\/16\/la-junta-de-govern-extraordinaria-dahir-dilluns-15-de-maig-de-2023-contenia-dues-propostes-amb-competencia-delegada-del-ple\/\" class=\"more-link\">Read More<\/a><\/p>\n","protected":false},"author":4,"featured_media":25743,"comment_status":"closed","ping_status":"closed","sticky":false,"template":"","format":"standard","meta":[],"categories":[3085,8,2250],"tags":[459,686,393,139],"_links":{"self":[{"href":"https:\/\/bisbalpenedes.com\/web\/wp-json\/wp\/v2\/posts\/25742"}],"collection":[{"href":"https:\/\/bisbalpenedes.com\/web\/wp-json\/wp\/v2\/posts"}],"about":[{"href":"https:\/\/bisbalpenedes.com\/web\/wp-json\/wp\/v2\/types\/post"}],"author":[{"embeddable":true,"href":"https:\/\/bisbalpenedes.com\/web\/wp-json\/wp\/v2\/users\/4"}],"replies":[{"embeddable":true,"href":"https:\/\/bisbalpenedes.com\/web\/wp-json\/wp\/v2\/comments?post=25742"}],"version-history":[{"count":2,"href":"https:\/\/bisbalpenedes.com\/web\/wp-json\/wp\/v2\/posts\/25742\/revisions"}],"predecessor-version":[{"id":25746,"href":"https:\/\/bisbalpenedes.com\/web\/wp-json\/wp\/v2\/posts\/25742\/revisions\/25746"}],"wp:featuredmedia":[{"embeddable":true,"href":"https:\/\/bisbalpenedes.com\/web\/wp-json\/wp\/v2\/media\/25743"}],"wp:attachment":[{"href":"https:\/\/bisbalpenedes.com\/web\/wp-json\/wp\/v2\/media?parent=25742"}],"wp:term":[{"taxonomy":"category","embeddable":true,"href":"https:\/\/bisbalpenedes.com\/web\/wp-json\/wp\/v2\/categories?post=25742"},{"taxonomy":"post_tag","embeddable":true,"href":"https:\/\/bisbalpenedes.com\/web\/wp-json\/wp\/v2\/tags?post=25742"}],"curies":[{"name":"wp","href":"https:\/\/api.w.org\/{rel}","templated":true}]}}