{"id":2574,"date":"2017-06-10T15:30:32","date_gmt":"2017-06-10T09:30:32","guid":{"rendered":"http:\/\/bisbalpenedes.com\/web\/?p=2574"},"modified":"2017-06-10T15:30:32","modified_gmt":"2017-06-10T09:30:32","slug":"la-regidoria-de-sanitat-ofereix-una-xerrada-sobre-els-malalts-de-cancer-i-els-seus-familiars-el-dimecres-14-de-juny","status":"publish","type":"post","link":"https:\/\/bisbalpenedes.com\/web\/2017\/06\/10\/la-regidoria-de-sanitat-ofereix-una-xerrada-sobre-els-malalts-de-cancer-i-els-seus-familiars-el-dimecres-14-de-juny\/","title":{"rendered":"La Regidoria de Sanitat ofereix una xerrada sobre els malalts de c\u00e0ncer i els seus familiars el dimecres 14 de juny"},"content":{"rendered":"<p><a href=\"http:\/\/bisbalpenedes.com\/web\/wp-content\/uploads\/2017\/06\/xerrada_resposta_oncologics_2017.jpg\"><img loading=\"lazy\" class=\"aligncenter size-medium wp-image-2575\" title=\"xerrada_resposta_oncologics_2017\" src=\"http:\/\/bisbalpenedes.com\/web\/wp-content\/uploads\/2017\/06\/xerrada_resposta_oncologics_2017-212x300.jpg\" alt=\"\" width=\"212\" height=\"300\" srcset=\"https:\/\/bisbalpenedes.com\/web\/wp-content\/uploads\/2017\/06\/xerrada_resposta_oncologics_2017-212x300.jpg 212w, https:\/\/bisbalpenedes.com\/web\/wp-content\/uploads\/2017\/06\/xerrada_resposta_oncologics_2017-600x848.jpg 600w, https:\/\/bisbalpenedes.com\/web\/wp-content\/uploads\/2017\/06\/xerrada_resposta_oncologics_2017-724x1024.jpg 724w, https:\/\/bisbalpenedes.com\/web\/wp-content\/uploads\/2017\/06\/xerrada_resposta_oncologics_2017.jpg 827w\" sizes=\"(max-width: 212px) 100vw, 212px\" \/><\/a><\/p>\n<p>La Regidoria de Sanitat i l&#8217;Associaci\u00f3 Espanyola Contra el C\u00e0ncer (AECC) han organitzat per dimecres 14 de juny una xerrada gratu\u00efta sobre la resposta que cal donar als familiars dels malalts oncol\u00f2gics. Aquesta xerrada, que tindr\u00e0 lloc a les 19h al Centre Municipal de Cultura (CMC) anir\u00e0 a c\u00e0rrec d&#8217;Elena Nolla i Artells, psic\u00f2loga del servei d&#8217;Oncologia de la Xarxa Sanit\u00e0ria i Social Santa Tecla. Amb aquesta xerrada es pret\u00e9n oferir una visi\u00f3 global de les atencions psicol\u00f2giques i socials que necessiten rebre tant els familiars dels malalts de c\u00e0ncer com els mateixos pacients oncol\u00f2gics.<\/p>\n","protected":false},"excerpt":{"rendered":"<p>La Regidoria de Sanitat i l&#8217;Associaci\u00f3 Espanyola Contra el C\u00e0ncer (AECC) han organitzat per dimecres 14 de juny una xerrada gratu\u00efta sobre la resposta que cal donar als familiars dels &hellip; <a href=\"https:\/\/bisbalpenedes.com\/web\/2017\/06\/10\/la-regidoria-de-sanitat-ofereix-una-xerrada-sobre-els-malalts-de-cancer-i-els-seus-familiars-el-dimecres-14-de-juny\/\" class=\"more-link\">Read More<\/a><\/p>\n","protected":false},"author":4,"featured_media":2575,"comment_status":"closed","ping_status":"closed","sticky":false,"template":"","format":"standard","meta":[],"categories":[14],"tags":[502,498,226,500,504,503,499,501,45],"_links":{"self":[{"href":"https:\/\/bisbalpenedes.com\/web\/wp-json\/wp\/v2\/posts\/2574"}],"collection":[{"href":"https:\/\/bisbalpenedes.com\/web\/wp-json\/wp\/v2\/posts"}],"about":[{"href":"https:\/\/bisbalpenedes.com\/web\/wp-json\/wp\/v2\/types\/post"}],"author":[{"embeddable":true,"href":"https:\/\/bisbalpenedes.com\/web\/wp-json\/wp\/v2\/users\/4"}],"replies":[{"embeddable":true,"href":"https:\/\/bisbalpenedes.com\/web\/wp-json\/wp\/v2\/comments?post=2574"}],"version-history":[{"count":3,"href":"https:\/\/bisbalpenedes.com\/web\/wp-json\/wp\/v2\/posts\/2574\/revisions"}],"predecessor-version":[{"id":2578,"href":"https:\/\/bisbalpenedes.com\/web\/wp-json\/wp\/v2\/posts\/2574\/revisions\/2578"}],"wp:featuredmedia":[{"embeddable":true,"href":"https:\/\/bisbalpenedes.com\/web\/wp-json\/wp\/v2\/media\/2575"}],"wp:attachment":[{"href":"https:\/\/bisbalpenedes.com\/web\/wp-json\/wp\/v2\/media?parent=2574"}],"wp:term":[{"taxonomy":"category","embeddable":true,"href":"https:\/\/bisbalpenedes.com\/web\/wp-json\/wp\/v2\/categories?post=2574"},{"taxonomy":"post_tag","embeddable":true,"href":"https:\/\/bisbalpenedes.com\/web\/wp-json\/wp\/v2\/tags?post=2574"}],"curies":[{"name":"wp","href":"https:\/\/api.w.org\/{rel}","templated":true}]}}