{"id":25734,"date":"2023-05-12T09:31:08","date_gmt":"2023-05-12T07:31:08","guid":{"rendered":"https:\/\/bisbalpenedes.com\/web\/?p=25734"},"modified":"2023-05-12T09:31:08","modified_gmt":"2023-05-12T07:31:08","slug":"avui-divendres-al-vespre-la-casa-de-la-vila-silluminara-de-color-blau-amb-motiu-del-dia-internacional-de-la-fibromialgia-i-la-sindrome-de-la-fatiga-cronica","status":"publish","type":"post","link":"https:\/\/bisbalpenedes.com\/web\/2023\/05\/12\/avui-divendres-al-vespre-la-casa-de-la-vila-silluminara-de-color-blau-amb-motiu-del-dia-internacional-de-la-fibromialgia-i-la-sindrome-de-la-fatiga-cronica\/","title":{"rendered":"Avui divendres al vespre la Casa de la Vila s&#8217;il\u00b7luminar\u00e0 de color blau amb motiu del Dia Internacional de la Fibromi\u00e0lgia i la S\u00edndrome de la fatiga cr\u00f2nica"},"content":{"rendered":"\n<p>Avui divendres, al vespre, la Casa de la Vila s\u2019il\u00b7luminar\u00e0 de blau amb motiu del Dia Internacional de la Fibromi\u00e0lgia i la S\u00edndrome de la fatiga cr\u00f2nica, que tamb\u00e9 inclou altres s\u00edndromes de sensibilitzaci\u00f3 central -com ara la sensibilitat qu\u00edmica m\u00faltiple. Segons s\u2019explica al web de la Generalitat de Catalunya, la jornada t\u00e9 per objectiu \u201cdonar a con\u00e8ixer l\u2019exist\u00e8ncia d\u2019aquestes malalties o s\u00edndromes, incidir en la necessitat d\u2019investigar els factors de predisposici\u00f3 i de desencadenament i destacar la import\u00e0ncia de fer-ne la detecci\u00f3 preco\u00e7\u201d.<\/p>\n\n\n\n<p>Per a m\u00e9s informaci\u00f3 podeu accedir a <a href=\"https:\/\/canalsalut.gencat.cat\/ca\/detalls\/article\/Dia-Mundial-de-la-Fibromialgia-i-la-Sindrome-de-Fatiga-Cronica\">https:\/\/canalsalut.gencat.cat\/ca\/detalls\/article\/Dia-Mundial-de-la-Fibromialgia-i-la-Sindrome-de-Fatiga-Cronica<\/a><\/p>\n\n\n\n<hr class=\"wp-block-separator has-alpha-channel-opacity\"\/>\n\n\n\n<p>Hoy viernes, al anochecer, la Casa de la Vila se iluminar\u00e1 de azul con motivo del D\u00eda Internacional de la Fibromialgia y el S\u00edndrome de la fatiga cr\u00f3nica, que tambi\u00e9n incluye otros s\u00edndromes de sensibilizaci\u00f3n central -como por ejemplo la sensibilidad qu\u00edmica m\u00faltiple. Seg\u00fan explica la web de la Generalitat de Catalu\u00f1a, la jornada tiene como objetivo \u201cdar a conocer la existencia de estas enfermedades o s\u00edndromes, incidir en la necesidad de investigar los factores de predisposici\u00f3n y de desencadenamiento y destacar la importancia de hacer una detecci\u00f3n precoz\u201d.<\/p>\n\n\n\n<p>Para m\u00e1s informaci\u00f3n pod\u00e9is acceder a <a href=\"https:\/\/canalsalut.gencat.cat\/ca\/detalls\/article\/Dia-Mundial-de-la-Fibromialgia-i-la-Sindrome-de-Fatiga-Cronica\">https:\/\/canalsalut.gencat.cat\/ca\/detalls\/article\/Dia-Mundial-de-la-Fibromialgia-i-la-Sindrome-de-Fatiga-Cronica<\/a><\/p>\n","protected":false},"excerpt":{"rendered":"<p>Avui divendres, al vespre, la Casa de la Vila s\u2019il\u00b7luminar\u00e0 de blau amb motiu del Dia Internacional de la Fibromi\u00e0lgia i la S\u00edndrome de la fatiga cr\u00f2nica, que tamb\u00e9 inclou &hellip; <a href=\"https:\/\/bisbalpenedes.com\/web\/2023\/05\/12\/avui-divendres-al-vespre-la-casa-de-la-vila-silluminara-de-color-blau-amb-motiu-del-dia-internacional-de-la-fibromialgia-i-la-sindrome-de-la-fatiga-cronica\/\" class=\"more-link\">Read More<\/a><\/p>\n","protected":false},"author":4,"featured_media":25735,"comment_status":"closed","ping_status":"closed","sticky":false,"template":"","format":"standard","meta":[],"categories":[2402,8],"tags":[5019,6015,2103,900,6016],"_links":{"self":[{"href":"https:\/\/bisbalpenedes.com\/web\/wp-json\/wp\/v2\/posts\/25734"}],"collection":[{"href":"https:\/\/bisbalpenedes.com\/web\/wp-json\/wp\/v2\/posts"}],"about":[{"href":"https:\/\/bisbalpenedes.com\/web\/wp-json\/wp\/v2\/types\/post"}],"author":[{"embeddable":true,"href":"https:\/\/bisbalpenedes.com\/web\/wp-json\/wp\/v2\/users\/4"}],"replies":[{"embeddable":true,"href":"https:\/\/bisbalpenedes.com\/web\/wp-json\/wp\/v2\/comments?post=25734"}],"version-history":[{"count":1,"href":"https:\/\/bisbalpenedes.com\/web\/wp-json\/wp\/v2\/posts\/25734\/revisions"}],"predecessor-version":[{"id":25736,"href":"https:\/\/bisbalpenedes.com\/web\/wp-json\/wp\/v2\/posts\/25734\/revisions\/25736"}],"wp:featuredmedia":[{"embeddable":true,"href":"https:\/\/bisbalpenedes.com\/web\/wp-json\/wp\/v2\/media\/25735"}],"wp:attachment":[{"href":"https:\/\/bisbalpenedes.com\/web\/wp-json\/wp\/v2\/media?parent=25734"}],"wp:term":[{"taxonomy":"category","embeddable":true,"href":"https:\/\/bisbalpenedes.com\/web\/wp-json\/wp\/v2\/categories?post=25734"},{"taxonomy":"post_tag","embeddable":true,"href":"https:\/\/bisbalpenedes.com\/web\/wp-json\/wp\/v2\/tags?post=25734"}],"curies":[{"name":"wp","href":"https:\/\/api.w.org\/{rel}","templated":true}]}}