{"id":25727,"date":"2023-05-11T23:52:14","date_gmt":"2023-05-11T21:52:14","guid":{"rendered":"https:\/\/bisbalpenedes.com\/web\/?p=25727"},"modified":"2023-05-11T23:52:14","modified_gmt":"2023-05-11T21:52:14","slug":"avis-per-intensitat-de-pluja-del-servei-meteorologic-de-catalunya-per-al-divendres-12-de-maig","status":"publish","type":"post","link":"https:\/\/bisbalpenedes.com\/web\/2023\/05\/11\/avis-per-intensitat-de-pluja-del-servei-meteorologic-de-catalunya-per-al-divendres-12-de-maig\/","title":{"rendered":"Av\u00eds per intensitat de pluja del Servei Meteorol\u00f2gic de Catalunya per al divendres 12 de maig"},"content":{"rendered":"\n<p>Av\u00eds per intensitat de pluja del Servei Meteorol\u00f2gic de Catalunya per aquest divendres. Els x\u00e0fecs sovint aniran acompanyats de tempesta i localment de calamarsa i pedra.<\/p>\n\n\n\n<hr class=\"wp-block-separator has-alpha-channel-opacity\"\/>\n\n\n\n<p>Aviso por intensidad de lluvia del Servicio Meteorol\u00f3gico de Catalu\u00f1a para este viernes. Los chubascos a menudo ir\u00e1n acompa\u00f1ados de tormenta y localmente de granuzo y piedra.<\/p>\n","protected":false},"excerpt":{"rendered":"<p>Av\u00eds per intensitat de pluja del Servei Meteorol\u00f2gic de Catalunya per aquest divendres. Els x\u00e0fecs sovint aniran acompanyats de tempesta i localment de calamarsa i pedra. Aviso por intensidad de &hellip; <a href=\"https:\/\/bisbalpenedes.com\/web\/2023\/05\/11\/avis-per-intensitat-de-pluja-del-servei-meteorologic-de-catalunya-per-al-divendres-12-de-maig\/\" class=\"more-link\">Read More<\/a><\/p>\n","protected":false},"author":4,"featured_media":25728,"comment_status":"closed","ping_status":"closed","sticky":false,"template":"","format":"standard","meta":[],"categories":[1628,2543,8],"tags":[],"_links":{"self":[{"href":"https:\/\/bisbalpenedes.com\/web\/wp-json\/wp\/v2\/posts\/25727"}],"collection":[{"href":"https:\/\/bisbalpenedes.com\/web\/wp-json\/wp\/v2\/posts"}],"about":[{"href":"https:\/\/bisbalpenedes.com\/web\/wp-json\/wp\/v2\/types\/post"}],"author":[{"embeddable":true,"href":"https:\/\/bisbalpenedes.com\/web\/wp-json\/wp\/v2\/users\/4"}],"replies":[{"embeddable":true,"href":"https:\/\/bisbalpenedes.com\/web\/wp-json\/wp\/v2\/comments?post=25727"}],"version-history":[{"count":1,"href":"https:\/\/bisbalpenedes.com\/web\/wp-json\/wp\/v2\/posts\/25727\/revisions"}],"predecessor-version":[{"id":25729,"href":"https:\/\/bisbalpenedes.com\/web\/wp-json\/wp\/v2\/posts\/25727\/revisions\/25729"}],"wp:featuredmedia":[{"embeddable":true,"href":"https:\/\/bisbalpenedes.com\/web\/wp-json\/wp\/v2\/media\/25728"}],"wp:attachment":[{"href":"https:\/\/bisbalpenedes.com\/web\/wp-json\/wp\/v2\/media?parent=25727"}],"wp:term":[{"taxonomy":"category","embeddable":true,"href":"https:\/\/bisbalpenedes.com\/web\/wp-json\/wp\/v2\/categories?post=25727"},{"taxonomy":"post_tag","embeddable":true,"href":"https:\/\/bisbalpenedes.com\/web\/wp-json\/wp\/v2\/tags?post=25727"}],"curies":[{"name":"wp","href":"https:\/\/api.w.org\/{rel}","templated":true}]}}