{"id":25724,"date":"2023-05-11T22:39:46","date_gmt":"2023-05-11T20:39:46","guid":{"rendered":"https:\/\/bisbalpenedes.com\/web\/?p=25724"},"modified":"2023-05-12T08:55:57","modified_gmt":"2023-05-12T06:55:57","slug":"la-junta-de-govern-extraordinaria-del-proper-dilluns-15-de-maig-vconte-dues-propostes-amb-competencia-delegada-del-ple-a-la-junta-de-govern","status":"publish","type":"post","link":"https:\/\/bisbalpenedes.com\/web\/2023\/05\/11\/la-junta-de-govern-extraordinaria-del-proper-dilluns-15-de-maig-vconte-dues-propostes-amb-competencia-delegada-del-ple-a-la-junta-de-govern\/","title":{"rendered":"La Junta de Govern extraordin\u00e0ria del proper dilluns 15 de maig cont\u00e9 dues propostes amb compet\u00e8ncia delegada del Ple a la Junta de Govern"},"content":{"rendered":"\n<p>Avui dijous s\u2019ha convocat una Junta de Govern extraordin\u00e0ria per al dilluns 15 de maig. Aquesta Junta de Govern cont\u00e9 dues propostes amb compet\u00e8ncia delegada del Ple a la Junta de Govern mitjan\u00e7ant acord plenari del 4 de juliol de 2019. S\u00f3n les seg\u00fcents:<\/p>\n\n\n\n<p>-Adjudicaci\u00f3 definitiva de les obres de millora de la xarxa d\u2019aigua al Priorat i Can Gordei<\/p>\n\n\n\n<p>-Licitaci\u00f3 de les obres de canvi de la xarxa d\u2019aigua, soterrament de l\u2019enllumenat p\u00fablic i infraestructures per soterrament de serveis del barri de la Riba<\/p>\n\n\n\n<p>Les sessions de la Junta de Govern Local no s\u00f3n p\u00fabliques, per\u00f2 quan actua en compet\u00e8ncies delegades del Ple, la sessi\u00f3 se sotmet als mateixos requisits de publicitat que les sessions del Ple, que s\u00f3n p\u00fabliques. Aix\u00ed ho va declarar la STS 161\/2013, de 26 de setembre. Per aquest motiu, el dilluns a les 18:45h s\u2019obriran les portes de la Sala de Plens perqu\u00e8 hi pugui assistir p\u00fablic. Tamb\u00e9 es gravaran aquests punts de l\u2019ordre del dia i, posteriorment, es publicar\u00e0 el v\u00eddeo a Youtube per garantir la seva publicitat. L\u2019alcaldessa de la Bisbal del Pened\u00e8s, Agn\u00e8s Ferr\u00e9, ha enviat un correu electr\u00f2nic amb la informaci\u00f3 sobre les propostes als grups de l\u2019oposici\u00f3.<\/p>\n\n\n\n<hr class=\"wp-block-separator has-alpha-channel-opacity\"\/>\n\n\n\n<p><strong>CASTELLANO |<\/strong> Hoy jueves se ha convocado una Junta de Gobierno extraordinaria para el lunes 15 de mayo. Esta Junta de Gobierno contiene dos propuestas con competencia delegada del Pleno a la Junta de Gobierno mediante acuerdo plenario del 4 de julio de 2019. Son las siguientes:<\/p>\n\n\n\n<p>-Adjudicaci\u00f3n definitiva de las obras de mejora de la red de agua del Priorat y Can Gordei.<\/p>\n\n\n\n<p>-Licitaci\u00f3n de las obras de cambio de la red de agua, soterramiento del alumbrado p\u00fablico e infraestructuras para soterramiento de servicios del barrio de la Riba.<\/p>\n\n\n\n<p>Las sesiones de la Junta de Gobierno Local no son p\u00fablicas, pero cuando act\u00faa en competencias delegadas del Pleno, la sesi\u00f3n se somete a los mismos requisitos de publicidad que las sesiones del Pleno, que son p\u00fablicas. As\u00ed lo declar\u00f3 la STS 161\/2013, de 26 de septiembre. Por este motivo, el lunes a las 18:45h se abrir\u00e1n las puertas de la Sala de Plenos para que pueda asistir p\u00fablico. Tambi\u00e9n se grabar\u00e1n estos puntos del orden del d\u00eda y, posteriormente, se publicar\u00e1 el v\u00eddeo en Youtube para garantizar su publicidad. La alcaldesa de la Bisbal del Pened\u00e8s, Agn\u00e8s Ferr\u00e9, ha mandado un correo electr\u00f3nico con la informaci\u00f3n sobre las propuestas a los grupos de la oposici\u00f3n.<\/p>\n","protected":false},"excerpt":{"rendered":"<p>Avui dijous s\u2019ha convocat una Junta de Govern extraordin\u00e0ria per al dilluns 15 de maig. Aquesta Junta de Govern cont\u00e9 dues propostes amb compet\u00e8ncia delegada del Ple a la Junta &hellip; <a href=\"https:\/\/bisbalpenedes.com\/web\/2023\/05\/11\/la-junta-de-govern-extraordinaria-del-proper-dilluns-15-de-maig-vconte-dues-propostes-amb-competencia-delegada-del-ple-a-la-junta-de-govern\/\" class=\"more-link\">Read More<\/a><\/p>\n","protected":false},"author":4,"featured_media":12172,"comment_status":"closed","ping_status":"closed","sticky":false,"template":"","format":"standard","meta":[],"categories":[3085,8],"tags":[686,393],"_links":{"self":[{"href":"https:\/\/bisbalpenedes.com\/web\/wp-json\/wp\/v2\/posts\/25724"}],"collection":[{"href":"https:\/\/bisbalpenedes.com\/web\/wp-json\/wp\/v2\/posts"}],"about":[{"href":"https:\/\/bisbalpenedes.com\/web\/wp-json\/wp\/v2\/types\/post"}],"author":[{"embeddable":true,"href":"https:\/\/bisbalpenedes.com\/web\/wp-json\/wp\/v2\/users\/4"}],"replies":[{"embeddable":true,"href":"https:\/\/bisbalpenedes.com\/web\/wp-json\/wp\/v2\/comments?post=25724"}],"version-history":[{"count":3,"href":"https:\/\/bisbalpenedes.com\/web\/wp-json\/wp\/v2\/posts\/25724\/revisions"}],"predecessor-version":[{"id":25730,"href":"https:\/\/bisbalpenedes.com\/web\/wp-json\/wp\/v2\/posts\/25724\/revisions\/25730"}],"wp:featuredmedia":[{"embeddable":true,"href":"https:\/\/bisbalpenedes.com\/web\/wp-json\/wp\/v2\/media\/12172"}],"wp:attachment":[{"href":"https:\/\/bisbalpenedes.com\/web\/wp-json\/wp\/v2\/media?parent=25724"}],"wp:term":[{"taxonomy":"category","embeddable":true,"href":"https:\/\/bisbalpenedes.com\/web\/wp-json\/wp\/v2\/categories?post=25724"},{"taxonomy":"post_tag","embeddable":true,"href":"https:\/\/bisbalpenedes.com\/web\/wp-json\/wp\/v2\/tags?post=25724"}],"curies":[{"name":"wp","href":"https:\/\/api.w.org\/{rel}","templated":true}]}}