{"id":25712,"date":"2023-05-09T12:47:36","date_gmt":"2023-05-09T10:47:36","guid":{"rendered":"https:\/\/bisbalpenedes.com\/web\/?p=25712"},"modified":"2023-05-09T12:47:36","modified_gmt":"2023-05-09T10:47:36","slug":"la-bisbal-del-penedes-ha-entrat-en-lescenari-dexcepcionalitat-per-sequera","status":"publish","type":"post","link":"https:\/\/bisbalpenedes.com\/web\/2023\/05\/09\/la-bisbal-del-penedes-ha-entrat-en-lescenari-dexcepcionalitat-per-sequera\/","title":{"rendered":"La Bisbal del Pened\u00e8s ha entrat en l\u2019escenari d\u2019excepcionalitat per sequera."},"content":{"rendered":"\n<p>La Generalitat de Catalunya ha anunciat que set noves unitats han entrat en estat d\u2019excepcionalitat i entre elles hi ha l\u2019Anoia-Gai\u00e0, \u00e9s a dir, la unitat on es troba el nostre municipi.<\/p>\n\n\n\n<p>L\u2019escenari d\u2019excepcionalitat comporta l\u2019adopci\u00f3, entre altres, de les seg\u00fcents mesures:<\/p>\n\n\n\n<p>\u25fe\ufe0fProhibici\u00f3 de reg de les zones verdes, tant p\u00fabliques com privades (nom\u00e9s es permetr\u00e0 l\u2019aigua per mantenir viu l\u2019arbrat i fent-ho gota a gota o amb regadores).<\/p>\n\n\n\n<p>\u25fe\ufe0fReducci\u00f3 de la dotaci\u00f3 d\u2019aigua mitjana a 230 litres per habitant i dia.<\/p>\n\n\n\n<p>\u25fe\ufe0fReducci\u00f3 del 40% de l\u2019aigua per a usos agr\u00edcoles<\/p>\n\n\n\n<p>\u25fe\ufe0fReducci\u00f3 del 15% per a usos industrials.<\/p>\n\n\n\n<p>\u25fe\ufe0fReducci\u00f3 per a usos l\u00fadics (15% en usos assimilables i 50% en reg).<\/p>\n\n\n\n<p>\u25fe\ufe0fProhibici\u00f3 de la neteja de carrers amb aigua potable.<\/p>\n\n\n\n<p>Trobareu totes les mesures detallades al cartell que us adjuntem.<\/p>\n\n\n\n<p>-Per a m\u00e9s informaci\u00f3 podeu consultar el web de la Generalitat de Catalunya:&nbsp;<a href=\"https:\/\/web.gencat.cat\/ca\/actualitat\/detall\/Set-noves-arees-entren-en-lescenari-dexcepcionalitat\">https:\/\/web.gencat.cat\/ca\/actualitat\/detall\/Set-noves-arees-entren-en-lescenari-dexcepcionalitat<\/a><\/p>\n\n\n\n<p>-Tamb\u00e9 podeu accedir al Portal de la sequera, entrant al seg\u00fcent enlla\u00e7:\u00a0<a href=\"https:\/\/sequera.gencat.cat\/ca\/estat-actual\/novetats-sequera\/\">https:\/\/sequera.gencat.cat\/ca\/estat-actual\/novetats-sequera\/<\/a><\/p>\n\n\n\n<p>-Preguntes freq\u00fcents:\u00a0<a href=\"https:\/\/sequera.gencat.cat\/ca\/la-sequera\/preguntes-frequeents\/\">https:\/\/sequera.gencat.cat\/ca\/la-sequera\/preguntes-frequeents\/<\/a><\/p>\n\n\n\n<hr class=\"wp-block-separator has-alpha-channel-opacity\"\/>\n\n\n\n<h2>La Bisbal del Pened\u00e8s ha entrat en el escenario de excepcionalidad por sequ\u00eda<\/h2>\n\n\n\n<p>La Generalitat de Catalu\u00f1a ha anunciado que siete nuevas unidades han entrado en estado de excepcionalidad y entre ellas est\u00e1 la Anoia-Gai\u00e0, es decir, la unidad en la que se encuentra nuestro municipio.<\/p>\n\n\n\n<p>El escenario de excepcionalidad comporta la adopci\u00f3n, entre otras, de las siguientes medidas:<\/p>\n\n\n\n<p>\u25fe\ufe0fProhibici\u00f3n del riego de las zonas verdes, tanto p\u00fablicas como privadas (solamente se permitir\u00e1 el agua para mantener vivo el arbolado y haci\u00e9ndolo gota a gota o con regaderas).<\/p>\n\n\n\n<p>\u25fe\ufe0fReducci\u00f3n de la dotaci\u00f3n de agua mediana a 230 litros por habitante y d\u00eda.<\/p>\n\n\n\n<p>\u25fe\ufe0fReducci\u00f3n del 40% del agua para usos agr\u00edcolas.<\/p>\n\n\n\n<p>\u25fe\ufe0fReducci\u00f3n del 15% para usos industriales.<\/p>\n\n\n\n<p>\u25fe\ufe0fReducci\u00f3n para usos l\u00fadicos (15% en usos asimilables y 50% en riego).<\/p>\n\n\n\n<p>\u25fe\ufe0fProhibici\u00f3n de la limpieza de calles con agua potable.<\/p>\n\n\n\n<p>Encontrar\u00e9is todas las medidas detalladas en el cartel que os adjuntamos.<\/p>\n\n\n\n<p>-Para m\u00e1s informaci\u00f3n pod\u00e9is consultar la web de la Generalitat de Catalu\u00f1a:&nbsp;<a href=\"https:\/\/web.gencat.cat\/ca\/actualitat\/detall\/Set-noves-arees-entren-en-lescenari-dexcepcionalitat\">https:\/\/web.gencat.cat\/ca\/actualitat\/detall\/Set-noves-arees-entren-en-lescenari-dexcepcionalitat<\/a><\/p>\n\n\n\n<p>-Tambi\u00e9n pod\u00e9is acceder al Portal de la sequ\u00eda, entrando en el enlace siguiente:&nbsp;<a href=\"https:\/\/sequera.gencat.cat\/ca\/estat-actual\/novetats-sequera\/\">https:\/\/sequera.gencat.cat\/ca\/estat-actual\/novetats-sequera\/<\/a><\/p>\n\n\n\n<p>-Preguntas frecuentes:&nbsp;<a href=\"https:\/\/sequera.gencat.cat\/ca\/la-sequera\/preguntes-frequeents\/\">https:\/\/sequera.gencat.cat\/ca\/la-sequera\/preguntes-frequeents\/<\/a><\/p>\n","protected":false},"excerpt":{"rendered":"<p>La Generalitat de Catalunya ha anunciat que set noves unitats han entrat en estat d\u2019excepcionalitat i entre elles hi ha l\u2019Anoia-Gai\u00e0, \u00e9s a dir, la unitat on es troba el &hellip; <a href=\"https:\/\/bisbalpenedes.com\/web\/2023\/05\/09\/la-bisbal-del-penedes-ha-entrat-en-lescenari-dexcepcionalitat-per-sequera\/\" class=\"more-link\">Read More<\/a><\/p>\n","protected":false},"author":4,"featured_media":25714,"comment_status":"closed","ping_status":"closed","sticky":false,"template":"","format":"standard","meta":[],"categories":[1628,8],"tags":[161,6006,459,6005,393,82,5934],"_links":{"self":[{"href":"https:\/\/bisbalpenedes.com\/web\/wp-json\/wp\/v2\/posts\/25712"}],"collection":[{"href":"https:\/\/bisbalpenedes.com\/web\/wp-json\/wp\/v2\/posts"}],"about":[{"href":"https:\/\/bisbalpenedes.com\/web\/wp-json\/wp\/v2\/types\/post"}],"author":[{"embeddable":true,"href":"https:\/\/bisbalpenedes.com\/web\/wp-json\/wp\/v2\/users\/4"}],"replies":[{"embeddable":true,"href":"https:\/\/bisbalpenedes.com\/web\/wp-json\/wp\/v2\/comments?post=25712"}],"version-history":[{"count":1,"href":"https:\/\/bisbalpenedes.com\/web\/wp-json\/wp\/v2\/posts\/25712\/revisions"}],"predecessor-version":[{"id":25715,"href":"https:\/\/bisbalpenedes.com\/web\/wp-json\/wp\/v2\/posts\/25712\/revisions\/25715"}],"wp:featuredmedia":[{"embeddable":true,"href":"https:\/\/bisbalpenedes.com\/web\/wp-json\/wp\/v2\/media\/25714"}],"wp:attachment":[{"href":"https:\/\/bisbalpenedes.com\/web\/wp-json\/wp\/v2\/media?parent=25712"}],"wp:term":[{"taxonomy":"category","embeddable":true,"href":"https:\/\/bisbalpenedes.com\/web\/wp-json\/wp\/v2\/categories?post=25712"},{"taxonomy":"post_tag","embeddable":true,"href":"https:\/\/bisbalpenedes.com\/web\/wp-json\/wp\/v2\/tags?post=25712"}],"curies":[{"name":"wp","href":"https:\/\/api.w.org\/{rel}","templated":true}]}}