{"id":25706,"date":"2023-05-09T12:26:11","date_gmt":"2023-05-09T10:26:11","guid":{"rendered":"https:\/\/bisbalpenedes.com\/web\/?p=25706"},"modified":"2023-05-09T12:27:57","modified_gmt":"2023-05-09T10:27:57","slug":"saprova-la-segona-certificacio-de-les-obres-de-reforma-de-la-torre-de-la-fassina-i-de-la-construccio-de-magatzems-i-del-local","status":"publish","type":"post","link":"https:\/\/bisbalpenedes.com\/web\/2023\/05\/09\/saprova-la-segona-certificacio-de-les-obres-de-reforma-de-la-torre-de-la-fassina-i-de-la-construccio-de-magatzems-i-del-local\/","title":{"rendered":"S&#8217;aprova la segona certificaci\u00f3 de les obres de reforma de la torre de &#8220;la fassina&#8221; i de la construcci\u00f3 de magatzems i d&#8217;un local"},"content":{"rendered":"\n<p>La Junta de govern del 8 de maig de 2023 contenia una proposta amb compet\u00e8ncia del Ple delegada a la Junta de Govern mitjan\u00e7ant acord plenari del 4 de juliol de 2019: aprovar la certificaci\u00f3 n\u00famero 2 de les obres de construcci\u00f3 i rehabilitaci\u00f3 de la fassina.<\/p>\n\n\n\n<p>Les obres de la fassina van comen\u00e7ar al mes de febrer amb un pressupost total de 694.204,19\u20ac (IVA incl\u00f2s) i les executa l&#8217;empresa Construcciones Asensio S.A. Aquest dilluns s&#8217;ha aprovat la segona certificaci\u00f3 de l&#8217;obra de la fassina per un import de 23.099,10\u20ac (IVA incl\u00f2s).<\/p>\n\n\n\n<p>Les sessions de la Junta de Govern Local no s\u00f3n p\u00fabliques, per\u00f2 quan actua en compet\u00e8ncies delegades del Ple, la sessi\u00f3 se sotmet als mateixos requisits de publicitat que les sessions del Ple, que s\u00f3n p\u00fabliques. Aix\u00ed ho va declarar la STS 161\/2013, de 26 de setembre. Per aquest motiu, els regidors de l&#8217;oposici\u00f3 van rebre un correu electr\u00f2nic\u00a0 de l&#8217;alcaldessa Agn\u00e8s Ferr\u00e9 amb informaci\u00f3 sobre la proposta i tamb\u00e9 es van obrir les portes de la sala de Plens a les 19:15h per tal que pogu\u00e9s assistir p\u00fablic. Aquest punt es va gravar i s&#8217;ha publicat el v\u00eddeo a Youtube amb l&#8217;objectiu de garantir la seva publicitat.<\/p>\n\n\n\n<figure class=\"wp-block-embed is-type-video is-provider-youtube wp-block-embed-youtube wp-embed-aspect-16-9 wp-has-aspect-ratio\"><div class=\"wp-block-embed__wrapper\">\n<iframe loading=\"lazy\" title=\"Proposta de l\u2019ordre del dia de la Junta de Govern del 08\/05\/23 amb compet\u00e8ncia delegada del Ple\" width=\"1170\" height=\"658\" src=\"https:\/\/www.youtube.com\/embed\/JBS6D3EWnXQ?feature=oembed\" frameborder=\"0\" allow=\"accelerometer; autoplay; clipboard-write; encrypted-media; gyroscope; picture-in-picture; web-share\" allowfullscreen><\/iframe>\n<\/div><\/figure>\n\n\n\n<hr class=\"wp-block-separator has-alpha-channel-opacity\"\/>\n\n\n\n<p>La Junta de gobierno del 8 de mayo de 2023 conten\u00eda una propuesta con competencia del Pleno delegada a la Junta de Gobierno mediante acuerdo plenario del 4 de julio de 2019: aprobar la certificaci\u00f3n n\u00famero 2 de las obras de construcci\u00f3n y rehabilitaci\u00f3n de la <em>fassina.<\/em><\/p>\n\n\n\n<p>Las obras de la <em>fassina<\/em> empezaron en el mes de febrero con un presupuesto total de 694.204,19\u20ac (IVA incluido) y las ejecuta la empresa Construcciones Asensio S.A. Este lunes se ha aprobado la segunda certificaci\u00f3n de la obra de la <em>fassina<\/em> por un importe de 23.099,10\u20ac (IVA incluido).<\/p>\n\n\n\n<p>Las sesiones de la Junta de Gobierno Local no son p\u00fablicas, pero cuando act\u00faa con competencias delegadas del Pleno, la sesi\u00f3n se somete a los mismos requisitos de publicidad que las sesiones del Pleno, que son p\u00fablicas. As\u00ed lo declar\u00f3 la STS 161\/2023, de 26 de septiembre. Por este motivo, los concejales de la oposici\u00f3n recibieron un correo electr\u00f3nico de la alcaldesa Agn\u00e8s Ferr\u00e9 con informaci\u00f3n sobre la propuesta y tambi\u00e9n se abrieron las puertas de la sala de Plenos a las 19.15h para que pudiese asistir p\u00fablico. Este punto se grab\u00f3 y se ha publicado el v\u00eddeo en Youtube con el objetivo de garantizar su publicidad.<\/p>\n","protected":false},"excerpt":{"rendered":"<p>La Junta de govern del 8 de maig de 2023 contenia una proposta amb compet\u00e8ncia del Ple delegada a la Junta de Govern mitjan\u00e7ant acord plenari del 4 de juliol &hellip; <a href=\"https:\/\/bisbalpenedes.com\/web\/2023\/05\/09\/saprova-la-segona-certificacio-de-les-obres-de-reforma-de-la-torre-de-la-fassina-i-de-la-construccio-de-magatzems-i-del-local\/\" class=\"more-link\">Read More<\/a><\/p>\n","protected":false},"author":4,"featured_media":25707,"comment_status":"closed","ping_status":"closed","sticky":false,"template":"","format":"standard","meta":[],"categories":[3085,8],"tags":[2317,686,393,21],"_links":{"self":[{"href":"https:\/\/bisbalpenedes.com\/web\/wp-json\/wp\/v2\/posts\/25706"}],"collection":[{"href":"https:\/\/bisbalpenedes.com\/web\/wp-json\/wp\/v2\/posts"}],"about":[{"href":"https:\/\/bisbalpenedes.com\/web\/wp-json\/wp\/v2\/types\/post"}],"author":[{"embeddable":true,"href":"https:\/\/bisbalpenedes.com\/web\/wp-json\/wp\/v2\/users\/4"}],"replies":[{"embeddable":true,"href":"https:\/\/bisbalpenedes.com\/web\/wp-json\/wp\/v2\/comments?post=25706"}],"version-history":[{"count":3,"href":"https:\/\/bisbalpenedes.com\/web\/wp-json\/wp\/v2\/posts\/25706\/revisions"}],"predecessor-version":[{"id":25710,"href":"https:\/\/bisbalpenedes.com\/web\/wp-json\/wp\/v2\/posts\/25706\/revisions\/25710"}],"wp:featuredmedia":[{"embeddable":true,"href":"https:\/\/bisbalpenedes.com\/web\/wp-json\/wp\/v2\/media\/25707"}],"wp:attachment":[{"href":"https:\/\/bisbalpenedes.com\/web\/wp-json\/wp\/v2\/media?parent=25706"}],"wp:term":[{"taxonomy":"category","embeddable":true,"href":"https:\/\/bisbalpenedes.com\/web\/wp-json\/wp\/v2\/categories?post=25706"},{"taxonomy":"post_tag","embeddable":true,"href":"https:\/\/bisbalpenedes.com\/web\/wp-json\/wp\/v2\/tags?post=25706"}],"curies":[{"name":"wp","href":"https:\/\/api.w.org\/{rel}","templated":true}]}}