{"id":25703,"date":"2023-05-09T11:25:48","date_gmt":"2023-05-09T09:25:48","guid":{"rendered":"https:\/\/bisbalpenedes.com\/web\/?p=25703"},"modified":"2023-05-09T11:25:48","modified_gmt":"2023-05-09T09:25:48","slug":"el-dissabte-27-de-maig-el-cmc-acollira-la-projeccio-de-la-pellicula-vasil-del-cicle-gaudi","status":"publish","type":"post","link":"https:\/\/bisbalpenedes.com\/web\/2023\/05\/09\/el-dissabte-27-de-maig-el-cmc-acollira-la-projeccio-de-la-pellicula-vasil-del-cicle-gaudi\/","title":{"rendered":"El dissabte 27 de maig el CMC acollir\u00e0 la projecci\u00f3 de la pel\u00b7l\u00edcula &#8220;Vasil&#8221; del Cicle Gaud\u00ed"},"content":{"rendered":"\n<p>El dissabte 27 de maig, a les 19h, el CMC acollir\u00e0 la projecci\u00f3 de la pel\u00b7l\u00edcula &#8220;Vasil&#8221; del Cicle Gaud\u00ed.<\/p>\n\n\n\n<p><strong>FITXA T\u00c8CNICA<\/strong><\/p>\n\n\n\n<p>Direcci\u00f3: Avelina Prat<\/p>\n\n\n\n<p>Gui\u00f3: Avelina Prat<\/p>\n\n\n\n<p>Productora: Distinto Films i Activist 38<\/p>\n\n\n\n<p>Estrena: Novembre 2022<\/p>\n\n\n\n<p>Durada: 93 min.<\/p>\n\n\n\n<p>G\u00e8nere: Drama<\/p>\n\n\n\n<p>Versi\u00f3: Original en castell\u00e0<\/p>\n\n\n\n<p>Int\u00e8rprets: Ivan Barnev, Karra Elejalde, Alexandra Jim\u00e9nez, Sue Flack, Susi S\u00e1nchez, Lorena L\u00f3pez, Pepo Blasco, Pepa Juan<\/p>\n\n\n\n<p><strong>SINOPSI<\/strong><\/p>\n\n\n\n<p>En Vasil \u00e9s intel\u00b7ligent, carism\u00e0tic i el n\u00famero 1 jugant al bridge i als escacs, per\u00f2 dorm al carrer d&#8217;en\u00e7\u00e0 que va arribar a Bulg\u00e0ria. L&#8217;Alfredo, un arquitecte jubilat, l&#8217;acull a casa seva durant un temps, davant la mirada at\u00f2nita de la seva filla Luisa. Els dos homes no tenen res en com\u00fa, excepte la seva passi\u00f3 pels escacs. Tot i les seves difer\u00e8ncies, a poc a poc en Vasil aconseguir\u00e0 trencar les barreres constru\u00efdes per l&#8217;Alfredo. I \u00e9s que en Vasil t\u00e9 aquest do: transformar per sempre les persones amb qui es relaciona.<\/p>\n\n\n\n<p>Com \u00e9s habitual, el preu de l\u2019entrada ser\u00e0 de 4,5\u20ac (general) i 3\u20ac per als espectadors que presentin el carnet de la Biblioteca p\u00fablica de la Bisbal del Pened\u00e8s. Els beneficis es destinaran a l\u2019entitat que gestioni la taquilla abans de la projecci\u00f3 (es fa un sorteig entre les entitats que volen fer aquesta tasca), en aquest cas l&#8217;Associaci\u00f3 de Dones La Roca Foradada.<\/p>\n\n\n\n<figure class=\"wp-block-embed is-type-video is-provider-youtube wp-block-embed-youtube wp-embed-aspect-16-9 wp-has-aspect-ratio\"><div class=\"wp-block-embed__wrapper\">\n<iframe loading=\"lazy\" title=\"Cicle Gaud\u00ed: &quot;Vasil&quot;\" width=\"1170\" height=\"658\" src=\"https:\/\/www.youtube.com\/embed\/ENPELIcEpUw?feature=oembed\" frameborder=\"0\" allow=\"accelerometer; autoplay; clipboard-write; encrypted-media; gyroscope; picture-in-picture; web-share\" allowfullscreen><\/iframe>\n<\/div><\/figure>\n\n\n\n<hr class=\"wp-block-separator has-alpha-channel-opacity\"\/>\n\n\n\n<p>El s\u00e1bado 27 de mayo, a las 19h, el CMC acoger\u00e1 la proyecci\u00f3n de la pel\u00edcula &#8220;Vasil&#8221; del Cicle Gaud\u00ed.<\/p>\n\n\n\n<p><strong>FICHA T\u00c9CNICA<\/strong><\/p>\n\n\n\n<p>Direcci\u00f3n: Avelina Prat<\/p>\n\n\n\n<p>Gui\u00f3n: Avelina Prat<\/p>\n\n\n\n<p>Productora: Distinto Films y Activist 38<\/p>\n\n\n\n<p>Estreno: Noviembre 2022<\/p>\n\n\n\n<p>Duraci\u00f3n: 93 min.<\/p>\n\n\n\n<p>G\u00e9nero: Drama<\/p>\n\n\n\n<p>Versi\u00f3n: Original en castellano<\/p>\n\n\n\n<p>Int\u00e9rpretes: Ivan Barnev, Karra Elejalde, Alexandra Jim\u00e9nez, Sue Flack, Susi S\u00e1nchez, Lorena L\u00f3pez, Pepo Blasco, Pepa Juan<\/p>\n\n\n\n<p><strong>SINOPSIS<\/strong><\/p>\n\n\n\n<p>Vasil es inteligente, carism\u00e1tico y el n\u00famero 1 jugando al bridge y al ajedrez, pero duerme en la calle desde que lleg\u00f3 a Bulgaria. Alfredo, un arquitecto jubilado, lo acoge en su casa durante un tiempo, ante la mirada at\u00f3nita de su hija Luisa. Los dos hombres no tienen nada en com\u00fan, excepto su pasi\u00f3n por el ajedrez. Aun con sus diferencias, poco a poco Vasil conseguir\u00e1 romper las barreras construidas por Alfredo. Y es que Vasil tiene este don: transformar para siempre a las personas con las que se relaciona.<\/p>\n\n\n\n<p>Como es habitual, el precio de la entrada ser\u00e1 de 4,5\u20ac (general) y 3\u20ac para los espectadores que presenten el carn\u00e9 de la Biblioteca p\u00fablica de la Bisbal del Pened\u00e8s. Los beneficios se destinar\u00e1n a la entidad que gestione la taquilla antes de la proyecci\u00f3n (se hace un sorteo entre las entidades que quieren hacer esta tarea), en este caso, la Associaci\u00f3 de Dones La Roca Foradada.<\/p>\n","protected":false},"excerpt":{"rendered":"<p>El dissabte 27 de maig, a les 19h, el CMC acollir\u00e0 la projecci\u00f3 de la pel\u00b7l\u00edcula &#8220;Vasil&#8221; del Cicle Gaud\u00ed. FITXA T\u00c8CNICA Direcci\u00f3: Avelina Prat Gui\u00f3: Avelina Prat Productora: Distinto &hellip; <a href=\"https:\/\/bisbalpenedes.com\/web\/2023\/05\/09\/el-dissabte-27-de-maig-el-cmc-acollira-la-projeccio-de-la-pellicula-vasil-del-cicle-gaudi\/\" class=\"more-link\">Read More<\/a><\/p>\n","protected":false},"author":4,"featured_media":25704,"comment_status":"closed","ping_status":"closed","sticky":false,"template":"","format":"standard","meta":[],"categories":[2942,13,8],"tags":[459,308,307,393,6004],"_links":{"self":[{"href":"https:\/\/bisbalpenedes.com\/web\/wp-json\/wp\/v2\/posts\/25703"}],"collection":[{"href":"https:\/\/bisbalpenedes.com\/web\/wp-json\/wp\/v2\/posts"}],"about":[{"href":"https:\/\/bisbalpenedes.com\/web\/wp-json\/wp\/v2\/types\/post"}],"author":[{"embeddable":true,"href":"https:\/\/bisbalpenedes.com\/web\/wp-json\/wp\/v2\/users\/4"}],"replies":[{"embeddable":true,"href":"https:\/\/bisbalpenedes.com\/web\/wp-json\/wp\/v2\/comments?post=25703"}],"version-history":[{"count":1,"href":"https:\/\/bisbalpenedes.com\/web\/wp-json\/wp\/v2\/posts\/25703\/revisions"}],"predecessor-version":[{"id":25705,"href":"https:\/\/bisbalpenedes.com\/web\/wp-json\/wp\/v2\/posts\/25703\/revisions\/25705"}],"wp:featuredmedia":[{"embeddable":true,"href":"https:\/\/bisbalpenedes.com\/web\/wp-json\/wp\/v2\/media\/25704"}],"wp:attachment":[{"href":"https:\/\/bisbalpenedes.com\/web\/wp-json\/wp\/v2\/media?parent=25703"}],"wp:term":[{"taxonomy":"category","embeddable":true,"href":"https:\/\/bisbalpenedes.com\/web\/wp-json\/wp\/v2\/categories?post=25703"},{"taxonomy":"post_tag","embeddable":true,"href":"https:\/\/bisbalpenedes.com\/web\/wp-json\/wp\/v2\/tags?post=25703"}],"curies":[{"name":"wp","href":"https:\/\/api.w.org\/{rel}","templated":true}]}}