{"id":25698,"date":"2023-05-08T15:10:32","date_gmt":"2023-05-08T13:10:32","guid":{"rendered":"https:\/\/bisbalpenedes.com\/web\/?p=25698"},"modified":"2023-05-08T15:10:32","modified_gmt":"2023-05-08T13:10:32","slug":"avui-dilluns-a-les-1915h-a-la-sala-de-plens-la-junta-de-govern-votara-un-punt-amb-competencia-delegada-del-ple","status":"publish","type":"post","link":"https:\/\/bisbalpenedes.com\/web\/2023\/05\/08\/avui-dilluns-a-les-1915h-a-la-sala-de-plens-la-junta-de-govern-votara-un-punt-amb-competencia-delegada-del-ple\/","title":{"rendered":"Avui dilluns a les 19:15h a la Sala de Plens la Junta de Govern votar\u00e0 un punt amb compet\u00e8ncia delegada del Ple"},"content":{"rendered":"\n<p>Avui dilluns 8 de maig tindr\u00e0 lloc una Junta de Govern amb una proposta amb compet\u00e8ncia del Ple delegada a la Junta de Govern mitjan\u00e7ant acord plenari del 4 de juliol de 2019. \u00c9s la seg\u00fcent:<br>\u25aa\ufe0fCertificaci\u00f3 n\u00famero 2 de les obres de construcci\u00f3 i rehabilitaci\u00f3 de la fassina.<\/p>\n\n\n\n<p>Les sessions de la Junta de Govern Local no s\u00f3n p\u00fabliques, per\u00f2 quan actua amb compet\u00e8ncies delegades del Ple, la sessi\u00f3 se sotmet als mateixos requisits de publicitat que les sessions del Ple, que s\u00f3n p\u00fabliques. Aix\u00ed ho va declarar la STS 161\/2013, de 26 de setembre.<\/p>\n\n\n\n<p>Per aquest motiu, avui a les 19:15h s\u2019obriran les portes de la Sala de Plens perqu\u00e8 pugui assistir-hi p\u00fablic. Tamb\u00e9 es gravar\u00e0 aquest punt de l\u2019ordre del dia i, posteriorment, es publicar\u00e0 el v\u00eddeo per garantir la seva publicitat.<\/p>\n\n\n\n<p>L\u2019alcaldessa de la Bisbal del Pened\u00e8s, Agn\u00e8s Ferr\u00e9, ha enviat un correu electr\u00f2nic amb la informaci\u00f3 d\u2019aquesta proposta als grups de l\u2019oposici\u00f3.<\/p>\n\n\n\n<hr class=\"wp-block-separator has-alpha-channel-opacity\"\/>\n\n\n\n<p><strong>CASTELLANO |<\/strong>\u00a0Hoy lunes 8 de mayo tendr\u00e1 lugar una Junta de Gobierno con una propuesta con competencia del Pleno delegada a la Junta de Gobierno mediante acuerdo plenario del 4 de julio de 2019. Es la siguiente:<br>\u25aa\ufe0fCertificaci\u00f3n n\u00famero 2 de las obras de construcci\u00f3n y rehabilitaci\u00f3n de la fassina.<\/p>\n\n\n\n<p>Las sesiones de la Junta de Gobierno Local no son p\u00fablicas, pero cuando act\u00faa con competencias delegadas del Pleno, la sesi\u00f3n se somete a los mismos requisitos de publicidad que las sesiones del Pleno, que son p\u00fablicas. As\u00ed lo declar\u00f3 la STS 161\/2013, de 26 de septiembre.<\/p>\n\n\n\n<p>Por este motivo, hoy a las 19:15h se abrir\u00e1n las puertas de la Sala de Plenos para que pueda asistir p\u00fablico. Tambi\u00e9n se grabar\u00e1 este punto del orden del d\u00eda y, posteriormente, se publicar\u00e1 el v\u00eddeo para garantizar su publicidad.<\/p>\n\n\n\n<p>La alcaldesa de la Bisbal del Pened\u00e8s, Agn\u00e8s Ferr\u00e9, ha mandado un correo electr\u00f3nico con la informaci\u00f3n de esta propuesta a los grupos de la oposici\u00f3n.<\/p>\n","protected":false},"excerpt":{"rendered":"<p>Avui dilluns 8 de maig tindr\u00e0 lloc una Junta de Govern amb una proposta amb compet\u00e8ncia del Ple delegada a la Junta de Govern mitjan\u00e7ant acord plenari del 4 de &hellip; <a href=\"https:\/\/bisbalpenedes.com\/web\/2023\/05\/08\/avui-dilluns-a-les-1915h-a-la-sala-de-plens-la-junta-de-govern-votara-un-punt-amb-competencia-delegada-del-ple\/\" class=\"more-link\">Read More<\/a><\/p>\n","protected":false},"author":4,"featured_media":25699,"comment_status":"closed","ping_status":"closed","sticky":false,"template":"","format":"standard","meta":[],"categories":[3085,8],"tags":[459,686,393,3504],"_links":{"self":[{"href":"https:\/\/bisbalpenedes.com\/web\/wp-json\/wp\/v2\/posts\/25698"}],"collection":[{"href":"https:\/\/bisbalpenedes.com\/web\/wp-json\/wp\/v2\/posts"}],"about":[{"href":"https:\/\/bisbalpenedes.com\/web\/wp-json\/wp\/v2\/types\/post"}],"author":[{"embeddable":true,"href":"https:\/\/bisbalpenedes.com\/web\/wp-json\/wp\/v2\/users\/4"}],"replies":[{"embeddable":true,"href":"https:\/\/bisbalpenedes.com\/web\/wp-json\/wp\/v2\/comments?post=25698"}],"version-history":[{"count":1,"href":"https:\/\/bisbalpenedes.com\/web\/wp-json\/wp\/v2\/posts\/25698\/revisions"}],"predecessor-version":[{"id":25700,"href":"https:\/\/bisbalpenedes.com\/web\/wp-json\/wp\/v2\/posts\/25698\/revisions\/25700"}],"wp:featuredmedia":[{"embeddable":true,"href":"https:\/\/bisbalpenedes.com\/web\/wp-json\/wp\/v2\/media\/25699"}],"wp:attachment":[{"href":"https:\/\/bisbalpenedes.com\/web\/wp-json\/wp\/v2\/media?parent=25698"}],"wp:term":[{"taxonomy":"category","embeddable":true,"href":"https:\/\/bisbalpenedes.com\/web\/wp-json\/wp\/v2\/categories?post=25698"},{"taxonomy":"post_tag","embeddable":true,"href":"https:\/\/bisbalpenedes.com\/web\/wp-json\/wp\/v2\/tags?post=25698"}],"curies":[{"name":"wp","href":"https:\/\/api.w.org\/{rel}","templated":true}]}}