{"id":25693,"date":"2023-05-08T10:02:15","date_gmt":"2023-05-08T08:02:15","guid":{"rendered":"https:\/\/bisbalpenedes.com\/web\/?p=25693"},"modified":"2023-05-08T10:14:51","modified_gmt":"2023-05-08T08:14:51","slug":"el-dimecres-10-de-maig-a-les-1930h-tindra-lloc-la-reunio-informativa-sobre-el-casal-destiu-2023-a-la-sala-de-plens","status":"publish","type":"post","link":"https:\/\/bisbalpenedes.com\/web\/2023\/05\/08\/el-dimecres-10-de-maig-a-les-1930h-tindra-lloc-la-reunio-informativa-sobre-el-casal-destiu-2023-a-la-sala-de-plens\/","title":{"rendered":"El dimecres 10 de maig a les 19:30h tindr\u00e0 lloc la reuni\u00f3 informativa sobre el Casal d&#8217;estiu 2023 a la Sala de Plens"},"content":{"rendered":"\n<p>Aviat s\u2019obriran les inscripcions per al Casal d&#8217;Estiu!<\/p>\n\n\n\n<p>Aquest dimecres 10 de maig a les 19:30h tindr\u00e0 lloc una reuni\u00f3 informativa a la Sala de Plens l\u2019Ajuntament de la Bisbal del Pened\u00e8s.<\/p>\n\n\n\n<p><\/p>\n\n\n\n<hr class=\"wp-block-separator has-alpha-channel-opacity\"\/>\n\n\n\n<p>\u00a1Pronto se abrir\u00e1n las inscripciones para el Casal d&#8217;Estiu!<\/p>\n\n\n\n<p>Este mi\u00e9rcoles 10 de mayo a las 19:30h tendr\u00e1 lugar una reuni\u00f3n informativa en la sala de Plenos del Ayuntamiento de la Bisbal del Pened\u00e8s<\/p>\n\n\n\n<p><\/p>\n","protected":false},"excerpt":{"rendered":"<p>Aviat s\u2019obriran les inscripcions per al Casal d&#8217;Estiu! Aquest dimecres 10 de maig a les 19:30h tindr\u00e0 lloc una reuni\u00f3 informativa a la Sala de Plens l\u2019Ajuntament de la Bisbal &hellip; <a href=\"https:\/\/bisbalpenedes.com\/web\/2023\/05\/08\/el-dimecres-10-de-maig-a-les-1930h-tindra-lloc-la-reunio-informativa-sobre-el-casal-destiu-2023-a-la-sala-de-plens\/\" class=\"more-link\">Read More<\/a><\/p>\n","protected":false},"author":4,"featured_media":25696,"comment_status":"closed","ping_status":"closed","sticky":false,"template":"","format":"standard","meta":[],"categories":[398,8],"tags":[230,459,109,393,1374],"_links":{"self":[{"href":"https:\/\/bisbalpenedes.com\/web\/wp-json\/wp\/v2\/posts\/25693"}],"collection":[{"href":"https:\/\/bisbalpenedes.com\/web\/wp-json\/wp\/v2\/posts"}],"about":[{"href":"https:\/\/bisbalpenedes.com\/web\/wp-json\/wp\/v2\/types\/post"}],"author":[{"embeddable":true,"href":"https:\/\/bisbalpenedes.com\/web\/wp-json\/wp\/v2\/users\/4"}],"replies":[{"embeddable":true,"href":"https:\/\/bisbalpenedes.com\/web\/wp-json\/wp\/v2\/comments?post=25693"}],"version-history":[{"count":1,"href":"https:\/\/bisbalpenedes.com\/web\/wp-json\/wp\/v2\/posts\/25693\/revisions"}],"predecessor-version":[{"id":25695,"href":"https:\/\/bisbalpenedes.com\/web\/wp-json\/wp\/v2\/posts\/25693\/revisions\/25695"}],"wp:featuredmedia":[{"embeddable":true,"href":"https:\/\/bisbalpenedes.com\/web\/wp-json\/wp\/v2\/media\/25696"}],"wp:attachment":[{"href":"https:\/\/bisbalpenedes.com\/web\/wp-json\/wp\/v2\/media?parent=25693"}],"wp:term":[{"taxonomy":"category","embeddable":true,"href":"https:\/\/bisbalpenedes.com\/web\/wp-json\/wp\/v2\/categories?post=25693"},{"taxonomy":"post_tag","embeddable":true,"href":"https:\/\/bisbalpenedes.com\/web\/wp-json\/wp\/v2\/tags?post=25693"}],"curies":[{"name":"wp","href":"https:\/\/api.w.org\/{rel}","templated":true}]}}