{"id":25683,"date":"2023-05-04T10:29:43","date_gmt":"2023-05-04T08:29:43","guid":{"rendered":"https:\/\/bisbalpenedes.com\/web\/?p=25683"},"modified":"2023-05-04T10:29:43","modified_gmt":"2023-05-04T08:29:43","slug":"el-dijous-11-de-maig-a-les-1930h-es-presentara-el-llibre-ens-nhem-sortit-al-cmc","status":"publish","type":"post","link":"https:\/\/bisbalpenedes.com\/web\/2023\/05\/04\/el-dijous-11-de-maig-a-les-1930h-es-presentara-el-llibre-ens-nhem-sortit-al-cmc\/","title":{"rendered":"El dijous 11 de maig a les 19:30h es presentar\u00e0 el llibre &#8220;Ens n&#8217;hem sortit?&#8221; al CMC"},"content":{"rendered":"\n<p>El proper dijous 11 de maig, a les 19:30h, es presentar\u00e0 el llibre de textos i il\u00b7lustracions &#8220;Ens n&#8217;hem sortit?&#8221; amb la participaci\u00f3 de diversos autors al CMC.<\/p>\n\n\n\n<hr class=\"wp-block-separator has-alpha-channel-opacity\"\/>\n\n\n\n<p>El pr\u00f3ximo jueves 11 de mayo, a las 19:30h, se presentar\u00e1 el libro de textos e ilustraciones &#8220;Ens n&#8217;hem sortit?&#8221; con la participaci\u00f3n de varios autores en el CMC.<\/p>\n","protected":false},"excerpt":{"rendered":"<p>El proper dijous 11 de maig, a les 19:30h, es presentar\u00e0 el llibre de textos i il\u00b7lustracions &#8220;Ens n&#8217;hem sortit?&#8221; amb la participaci\u00f3 de diversos autors al CMC. El pr\u00f3ximo &hellip; <a href=\"https:\/\/bisbalpenedes.com\/web\/2023\/05\/04\/el-dijous-11-de-maig-a-les-1930h-es-presentara-el-llibre-ens-nhem-sortit-al-cmc\/\" class=\"more-link\">Read More<\/a><\/p>\n","protected":false},"author":4,"featured_media":25684,"comment_status":"closed","ping_status":"closed","sticky":false,"template":"","format":"standard","meta":[],"categories":[2942,13,8],"tags":[459,6000,5999,393,47,1095,6001,1374,48],"_links":{"self":[{"href":"https:\/\/bisbalpenedes.com\/web\/wp-json\/wp\/v2\/posts\/25683"}],"collection":[{"href":"https:\/\/bisbalpenedes.com\/web\/wp-json\/wp\/v2\/posts"}],"about":[{"href":"https:\/\/bisbalpenedes.com\/web\/wp-json\/wp\/v2\/types\/post"}],"author":[{"embeddable":true,"href":"https:\/\/bisbalpenedes.com\/web\/wp-json\/wp\/v2\/users\/4"}],"replies":[{"embeddable":true,"href":"https:\/\/bisbalpenedes.com\/web\/wp-json\/wp\/v2\/comments?post=25683"}],"version-history":[{"count":1,"href":"https:\/\/bisbalpenedes.com\/web\/wp-json\/wp\/v2\/posts\/25683\/revisions"}],"predecessor-version":[{"id":25685,"href":"https:\/\/bisbalpenedes.com\/web\/wp-json\/wp\/v2\/posts\/25683\/revisions\/25685"}],"wp:featuredmedia":[{"embeddable":true,"href":"https:\/\/bisbalpenedes.com\/web\/wp-json\/wp\/v2\/media\/25684"}],"wp:attachment":[{"href":"https:\/\/bisbalpenedes.com\/web\/wp-json\/wp\/v2\/media?parent=25683"}],"wp:term":[{"taxonomy":"category","embeddable":true,"href":"https:\/\/bisbalpenedes.com\/web\/wp-json\/wp\/v2\/categories?post=25683"},{"taxonomy":"post_tag","embeddable":true,"href":"https:\/\/bisbalpenedes.com\/web\/wp-json\/wp\/v2\/tags?post=25683"}],"curies":[{"name":"wp","href":"https:\/\/api.w.org\/{rel}","templated":true}]}}