{"id":2568,"date":"2017-06-10T15:07:22","date_gmt":"2017-06-10T09:07:22","guid":{"rendered":"http:\/\/bisbalpenedes.com\/web\/?p=2568"},"modified":"2017-06-10T15:12:21","modified_gmt":"2017-06-10T09:12:21","slug":"mas-llagostera-ha-aconseguit-recentment-la-certificacio-ecolabel-esdevenint-aixi-un-referent-en-turisme-sostenible-al-territori","status":"publish","type":"post","link":"https:\/\/bisbalpenedes.com\/web\/2017\/06\/10\/mas-llagostera-ha-aconseguit-recentment-la-certificacio-ecolabel-esdevenint-aixi-un-referent-en-turisme-sostenible-al-territori\/","title":{"rendered":"Mas Llagostera ha aconseguit recentment la certificaci\u00f3 Ecolabel esdevenint aix\u00ed un referent en turisme sostenible al territori"},"content":{"rendered":"<p><a href=\"http:\/\/bisbalpenedes.com\/web\/wp-content\/uploads\/2017\/06\/FOTO-MAS-LLAGOSTERA.jpg\"><img loading=\"lazy\" class=\"aligncenter size-medium wp-image-2569\" title=\"FOTO MAS LLAGOSTERA\" src=\"http:\/\/bisbalpenedes.com\/web\/wp-content\/uploads\/2017\/06\/FOTO-MAS-LLAGOSTERA-300x180.jpg\" alt=\"\" width=\"300\" height=\"180\" srcset=\"https:\/\/bisbalpenedes.com\/web\/wp-content\/uploads\/2017\/06\/FOTO-MAS-LLAGOSTERA-300x180.jpg 300w, https:\/\/bisbalpenedes.com\/web\/wp-content\/uploads\/2017\/06\/FOTO-MAS-LLAGOSTERA-600x362.jpg 600w, https:\/\/bisbalpenedes.com\/web\/wp-content\/uploads\/2017\/06\/FOTO-MAS-LLAGOSTERA-1024x617.jpg 1024w\" sizes=\"(max-width: 300px) 100vw, 300px\" \/><\/a><\/p>\n<p>La masia de turisme rural Mas Llagostera ha estat reconeguda amb l\u2019etiqueta ecol\u00f2gica de la Uni\u00f3 Europea Ecolabel que, segons fonts de l\u2019establiment els ha servit per \u201ccomprovar que hi ha un turista que valora no nom\u00e9s l\u2019esfor\u00e7 que suposa una aposta com la nostra en energies renovables, sin\u00f3 que els agrada pensar que el seu consum, tamb\u00e9 per vacances, respon als seus ideals\u201d.<\/p>\n<p>Mas Llagostera \u00e9s una masia del segle XVII restaurada seguint criteris hist\u00f2rics i ambientals. Aix\u00ed, la casa \u00e9s autosuficient energ\u00e8ticament, ja que fomenta l\u2019estalvi i el reaprofitament dels recursos propis amb l\u2019objectiu final de promoure el turisme responsable. Per exemple, a la casa no hi ha connexi\u00f3 el\u00e8ctrica a la xarxa i l\u2019energia per a tenir llum i aigua calenta sanit\u00e0ria s\u2019obt\u00e9 d\u2019un equip de plaques fotovoltaiques i plaques t\u00e8rmiques. A m\u00e9s, tant la fusta de la poda de la vinya o les oliveres, com els pinyols de les olives, s\u00f3n reaprofitats per a obtenir calor a trav\u00e9s d\u2019una caldera de biomassa. Aquests s\u00f3n nom\u00e9s alguns exemples de l\u2019aposta de Mas Llagostera per la sostenibilitat i l\u2019autosufici\u00e8ncia. Cal dir que la finca treballa amb agricultura ecol\u00f2gica i que, a m\u00e9s, t\u00e9 un gran comprom\u00eds per preservar l\u2019entorn natural i aut\u00f2cton de la zona. \u00c9s per aix\u00f2 que, per exemple, s\u2019ha creat una ruta senyalitzada dins de la mateixa finca en qu\u00e8 s\u2019informa sobre les construccions de pedra seca que s\u2019han recuperat o es facilita informaci\u00f3 sobre la flora, entre altres.<\/p>\n<p>El lliurament dels premis Ecolabel va tenir lloc el 29 de maig i va anar a c\u00e0rrec del Conseller de Territori i Sostenibilitat, Josep Rull, i del Conseller d\u2019Empresa i Coneixement, Jordi Baiget. L\u2019acte s\u2019emmarcava en la celebraci\u00f3 de l\u2019Any del Turisme Sostenible i de la Green Week europea, centrada enguany en l\u2019ocupaci\u00f3 verda.<\/p>\n<p><a href=\"http:\/\/bisbalpenedes.com\/web\/wp-content\/uploads\/2017\/06\/mas-llagostera-entrega-premis.jpg\"><img loading=\"lazy\" class=\"aligncenter size-medium wp-image-2570\" title=\"mas llagostera entrega premis\" src=\"http:\/\/bisbalpenedes.com\/web\/wp-content\/uploads\/2017\/06\/mas-llagostera-entrega-premis-300x168.jpg\" alt=\"\" width=\"300\" height=\"168\" srcset=\"https:\/\/bisbalpenedes.com\/web\/wp-content\/uploads\/2017\/06\/mas-llagostera-entrega-premis-300x168.jpg 300w, https:\/\/bisbalpenedes.com\/web\/wp-content\/uploads\/2017\/06\/mas-llagostera-entrega-premis-600x336.jpg 600w, https:\/\/bisbalpenedes.com\/web\/wp-content\/uploads\/2017\/06\/mas-llagostera-entrega-premis-1024x573.jpg 1024w, https:\/\/bisbalpenedes.com\/web\/wp-content\/uploads\/2017\/06\/mas-llagostera-entrega-premis.jpg 1600w\" sizes=\"(max-width: 300px) 100vw, 300px\" \/><\/a><\/p>\n<p>Des de l\u2019Ajuntament de La Bisbal del Pened\u00e8s volem felicitar als responsables de Mas Llagostera pel reconeixement i la certificaci\u00f3.<\/p>\n<p>Podeu trobar m\u00e9s informaci\u00f3 sobre el certificat obtingut per Mas Llagostera al seg\u00fcent enlla\u00e7 (llengua anglesa): <a href=\"http:\/\/ec.europa.eu\/environment\/ecolabel\/green_week\/stories\/mas_llagostera_tourist_accomodation_es.pdf\" target=\"_blank\">http:\/\/ec.europa.eu\/environment\/ecolabel\/green_week\/stories\/mas_llagostera_tourist_accomodation_es.pdf<\/a><\/p>\n<p>Tamb\u00e9 podeu entrar al seu web: <a href=\"http:\/\/www.masllagostera.com\/turisme-sostenible\">http:\/\/www.masllagostera.com\/turisme-sostenible<\/a><\/p>\n","protected":false},"excerpt":{"rendered":"<p>La masia de turisme rural Mas Llagostera ha estat reconeguda amb l\u2019etiqueta ecol\u00f2gica de la Uni\u00f3 Europea Ecolabel que, segons fonts de l\u2019establiment els ha servit per \u201ccomprovar que hi &hellip; <a href=\"https:\/\/bisbalpenedes.com\/web\/2017\/06\/10\/mas-llagostera-ha-aconseguit-recentment-la-certificacio-ecolabel-esdevenint-aixi-un-referent-en-turisme-sostenible-al-territori\/\" class=\"more-link\">Read More<\/a><\/p>\n","protected":false},"author":4,"featured_media":2569,"comment_status":"closed","ping_status":"closed","sticky":false,"template":"","format":"standard","meta":[],"categories":[4,32],"tags":[496,495,493,491,220,497,492,494,57],"_links":{"self":[{"href":"https:\/\/bisbalpenedes.com\/web\/wp-json\/wp\/v2\/posts\/2568"}],"collection":[{"href":"https:\/\/bisbalpenedes.com\/web\/wp-json\/wp\/v2\/posts"}],"about":[{"href":"https:\/\/bisbalpenedes.com\/web\/wp-json\/wp\/v2\/types\/post"}],"author":[{"embeddable":true,"href":"https:\/\/bisbalpenedes.com\/web\/wp-json\/wp\/v2\/users\/4"}],"replies":[{"embeddable":true,"href":"https:\/\/bisbalpenedes.com\/web\/wp-json\/wp\/v2\/comments?post=2568"}],"version-history":[{"count":3,"href":"https:\/\/bisbalpenedes.com\/web\/wp-json\/wp\/v2\/posts\/2568\/revisions"}],"predecessor-version":[{"id":2572,"href":"https:\/\/bisbalpenedes.com\/web\/wp-json\/wp\/v2\/posts\/2568\/revisions\/2572"}],"wp:featuredmedia":[{"embeddable":true,"href":"https:\/\/bisbalpenedes.com\/web\/wp-json\/wp\/v2\/media\/2569"}],"wp:attachment":[{"href":"https:\/\/bisbalpenedes.com\/web\/wp-json\/wp\/v2\/media?parent=2568"}],"wp:term":[{"taxonomy":"category","embeddable":true,"href":"https:\/\/bisbalpenedes.com\/web\/wp-json\/wp\/v2\/categories?post=2568"},{"taxonomy":"post_tag","embeddable":true,"href":"https:\/\/bisbalpenedes.com\/web\/wp-json\/wp\/v2\/tags?post=2568"}],"curies":[{"name":"wp","href":"https:\/\/api.w.org\/{rel}","templated":true}]}}