{"id":25674,"date":"2023-05-02T12:05:44","date_gmt":"2023-05-02T10:05:44","guid":{"rendered":"https:\/\/bisbalpenedes.com\/web\/?p=25674"},"modified":"2023-05-02T12:05:44","modified_gmt":"2023-05-02T10:05:44","slug":"el-dimarts-9-de-maig-es-fara-una-presentacio-del-projecte-de-larc-serveis-assistencials-s-l-dacompanyament-amb-assistents-virtuals-alexa","status":"publish","type":"post","link":"https:\/\/bisbalpenedes.com\/web\/2023\/05\/02\/el-dimarts-9-de-maig-es-fara-una-presentacio-del-projecte-de-larc-serveis-assistencials-s-l-dacompanyament-amb-assistents-virtuals-alexa\/","title":{"rendered":"El dimarts 9 de maig es far\u00e0 una presentaci\u00f3 del projecte -de L&#8217;Arc Serveis Assistencials S.L.- d&#8217;acompanyament amb assistents virtuals Alexa"},"content":{"rendered":"\n<p>El dimarts 9 de maig es far\u00e0 una presentaci\u00f3 del projecte de L&#8217;Arc Serveis Assistencials S.L. d&#8217;acompanyament amb assistents virtuals Alexa per promoure l&#8217;autonomia i l&#8217;envelliment actiu de la gent gran. Les presentacions es faran:<\/p>\n\n\n\n<ul><li>A les 16h al local social de Can Gordei<\/li><li>A les 17h al local social del Priorat<\/li><li>A les 18h al Rac\u00f3 de la Gent Gran<\/li><li>A les 19h al local social de la Miralba<\/li><\/ul>\n\n\n\n<hr class=\"wp-block-separator has-alpha-channel-opacity\"\/>\n\n\n\n<p><strong>CASTELLANO | <\/strong>El martes 9 de mayo se har\u00e1 una presentaci\u00f3n del proyecto de L&#8217;Arc Serveis Assistencials S.L. de acompa\u00f1amiento con asistentes virtuales Alexa para promover la autonom\u00eda y el envejecimiento activo de la gente mayor. Las presentaciones se har\u00e1n:<\/p>\n\n\n\n<ul><li>A las 16h en el local social de Can Gordei<\/li><li>A las 17h en el local social del Priorat<\/li><li>A las 18h en el Rac\u00f3 de la Gent Gran<\/li><li>A las 19h en el local social de la Miralba<\/li><\/ul>\n","protected":false},"excerpt":{"rendered":"<p>El dimarts 9 de maig es far\u00e0 una presentaci\u00f3 del projecte de L&#8217;Arc Serveis Assistencials S.L. d&#8217;acompanyament amb assistents virtuals Alexa per promoure l&#8217;autonomia i l&#8217;envelliment actiu de la gent &hellip; <a href=\"https:\/\/bisbalpenedes.com\/web\/2023\/05\/02\/el-dimarts-9-de-maig-es-fara-una-presentacio-del-projecte-de-larc-serveis-assistencials-s-l-dacompanyament-amb-assistents-virtuals-alexa\/\" class=\"more-link\">Read More<\/a><\/p>\n","protected":false},"author":4,"featured_media":25660,"comment_status":"closed","ping_status":"closed","sticky":false,"template":"","format":"standard","meta":[],"categories":[464,8],"tags":[5995,5611,198,5993,305,393,246,520,2115],"_links":{"self":[{"href":"https:\/\/bisbalpenedes.com\/web\/wp-json\/wp\/v2\/posts\/25674"}],"collection":[{"href":"https:\/\/bisbalpenedes.com\/web\/wp-json\/wp\/v2\/posts"}],"about":[{"href":"https:\/\/bisbalpenedes.com\/web\/wp-json\/wp\/v2\/types\/post"}],"author":[{"embeddable":true,"href":"https:\/\/bisbalpenedes.com\/web\/wp-json\/wp\/v2\/users\/4"}],"replies":[{"embeddable":true,"href":"https:\/\/bisbalpenedes.com\/web\/wp-json\/wp\/v2\/comments?post=25674"}],"version-history":[{"count":1,"href":"https:\/\/bisbalpenedes.com\/web\/wp-json\/wp\/v2\/posts\/25674\/revisions"}],"predecessor-version":[{"id":25675,"href":"https:\/\/bisbalpenedes.com\/web\/wp-json\/wp\/v2\/posts\/25674\/revisions\/25675"}],"wp:featuredmedia":[{"embeddable":true,"href":"https:\/\/bisbalpenedes.com\/web\/wp-json\/wp\/v2\/media\/25660"}],"wp:attachment":[{"href":"https:\/\/bisbalpenedes.com\/web\/wp-json\/wp\/v2\/media?parent=25674"}],"wp:term":[{"taxonomy":"category","embeddable":true,"href":"https:\/\/bisbalpenedes.com\/web\/wp-json\/wp\/v2\/categories?post=25674"},{"taxonomy":"post_tag","embeddable":true,"href":"https:\/\/bisbalpenedes.com\/web\/wp-json\/wp\/v2\/tags?post=25674"}],"curies":[{"name":"wp","href":"https:\/\/api.w.org\/{rel}","templated":true}]}}